{"id":190953,"date":"2020-04-02T12:35:53","date_gmt":"2020-04-02T15:35:53","guid":{"rendered":"https:\/\/www.redenoticia.com.br\/noticia\/?p=190953"},"modified":"2020-04-02T12:35:53","modified_gmt":"2020-04-02T15:35:53","slug":"resumo-novela-fina-estampa-03-04-juan-guilherme-retira-a-queixa-contra-antenor","status":"publish","type":"post","link":"https:\/\/migracao.redenoticia.com.br\/noticia\/2020\/resumo-novela-fina-estampa-03-04-juan-guilherme-retira-a-queixa-contra-antenor\/190953","title":{"rendered":"Resumo novela \u201cFina Estampa\u201d 03\/04: Juan Guilherme retira a queixa contra Antenor"},"content":{"rendered":"<p><img loading=\"lazy\" decoding=\"async\" class=\"aligncenter size-large wp-image-190230\" src=\"https:\/\/migracao.redenoticia.com.br\/noticia\/imagens\/fina-estampa-303x300.jpg\" alt=\"\" width=\"303\" height=\"300\" srcset=\"https:\/\/migracao.redenoticia.com.br\/noticia\/imagens\/fina-estampa-303x300.jpg 303w, https:\/\/migracao.redenoticia.com.br\/noticia\/imagens\/fina-estampa-189x187.jpg 189w, https:\/\/migracao.redenoticia.com.br\/noticia\/imagens\/fina-estampa-768x760.jpg 768w, https:\/\/migracao.redenoticia.com.br\/noticia\/imagens\/fina-estampa-150x150.jpg 150w, https:\/\/migracao.redenoticia.com.br\/noticia\/imagens\/fina-estampa-141x140.jpg 141w, https:\/\/migracao.redenoticia.com.br\/noticia\/imagens\/fina-estampa-86x85.jpg 86w, https:\/\/migracao.redenoticia.com.br\/noticia\/imagens\/fina-estampa-696x689.jpg 696w, https:\/\/migracao.redenoticia.com.br\/noticia\/imagens\/fina-estampa.jpg 800w\" sizes=\"auto, (max-width: 303px) 100vw, 303px\" \/><\/p>\n<p><em><strong>Resumo novela \u201cFina Estampa\u201d 03\/04<\/strong><\/em>: no cap\u00edtulo 011(*) da novela, sexta-feira, 03 de abril, Mirna exige que Antenor pague o que lhe deve. Griselda pede para Juan Guilherme manter a queixa contra Antenor. Tereza Cristina comenta com Ren\u00ea que o Le Velmont precisa de uma reforma. Ren\u00ea Junior marca um novo encontro, fingindo ser Juan Guilherme. Juan Guilherme retira a queixa contra Antenor.<\/p>\n<p>Quinzinho v\u00ea Teodora na televis\u00e3o, e Quinz\u00e9 tenta acalm\u00e1-lo. Ren\u00ea chama Griselda para fazer a reforma de seu restaurante. Deusa chega \u00e0 pousada, e Zambeze comenta com \u00c1lvaro que Luana acertou o que previu sobre a nova h\u00f3spede. Rafael se insinua para Mirna e se oferece como pagamento da d\u00edvida de Antenor. Esther pensa em sua consulta com Danielle. Antenor recebe alta do hospital.<\/p>\n<p>(*) edi\u00e7\u00e3o da Rede Globo, Novela \u201cFina Estampa\u201d, sujeito a altera\u00e7\u00e3o de data e conte\u00fado.<\/p>\n<p>Sinopse \u201cFina Estampa\u201d: A vi\u00fava Griselda, conhecida como Pereir\u00e3o, trabalha como faz-tudo para sustentar seus tr\u00eas filhos. J\u00e1 Tereza Cristina \u00e9 uma socialite que acredita ter a vida perfeita. Seus destinos se cruzam por acaso e tudo muda quando Griselda ganha 30 milh\u00f5es.<\/p>\n","protected":false},"excerpt":{"rendered":"<p>Resumo novela \u201cFina Estampa\u201d 03\/04: no cap\u00edtulo 011(*) da novela, sexta-feira, 03 de abril, Mirna exige que Antenor pague o que lhe deve. Griselda pede para Juan Guilherme manter a queixa contra Antenor. Tereza Cristina comenta com Ren\u00ea que o Le Velmont precisa de uma reforma. Ren\u00ea Junior marca um novo encontro, fingindo ser Juan [&hellip;]<\/p>\n","protected":false},"author":4,"featured_media":190230,"comment_status":"open","ping_status":"closed","sticky":false,"template":"","format":"standard","meta":{"tdm_status":"","tdm_grid_status":"","footnotes":""},"categories":[555,379,375,343],"tags":[441],"class_list":{"0":"post-190953","1":"post","2":"type-post","3":"status-publish","4":"format-standard","5":"has-post-thumbnail","7":"category-fina-estampa","8":"category-novelas","9":"category-rede-globo","10":"category-televisao","11":"tag-resumo-do-dia"},"_links":{"self":[{"href":"https:\/\/migracao.redenoticia.com.br\/noticia\/wp-json\/wp\/v2\/posts\/190953","targetHints":{"allow":["GET"]}}],"collection":[{"href":"https:\/\/migracao.redenoticia.com.br\/noticia\/wp-json\/wp\/v2\/posts"}],"about":[{"href":"https:\/\/migracao.redenoticia.com.br\/noticia\/wp-json\/wp\/v2\/types\/post"}],"author":[{"embeddable":true,"href":"https:\/\/migracao.redenoticia.com.br\/noticia\/wp-json\/wp\/v2\/users\/4"}],"replies":[{"embeddable":true,"href":"https:\/\/migracao.redenoticia.com.br\/noticia\/wp-json\/wp\/v2\/comments?post=190953"}],"version-history":[{"count":0,"href":"https:\/\/migracao.redenoticia.com.br\/noticia\/wp-json\/wp\/v2\/posts\/190953\/revisions"}],"wp:featuredmedia":[{"embeddable":true,"href":"https:\/\/migracao.redenoticia.com.br\/noticia\/wp-json\/wp\/v2\/media\/190230"}],"wp:attachment":[{"href":"https:\/\/migracao.redenoticia.com.br\/noticia\/wp-json\/wp\/v2\/media?parent=190953"}],"wp:term":[{"taxonomy":"category","embeddable":true,"href":"https:\/\/migracao.redenoticia.com.br\/noticia\/wp-json\/wp\/v2\/categories?post=190953"},{"taxonomy":"post_tag","embeddable":true,"href":"https:\/\/migracao.redenoticia.com.br\/noticia\/wp-json\/wp\/v2\/tags?post=190953"}],"curies":[{"name":"wp","href":"https:\/\/api.w.org\/{rel}","templated":true}]}}