{"id":191024,"date":"2020-04-04T20:18:12","date_gmt":"2020-04-04T23:18:12","guid":{"rendered":"https:\/\/www.redenoticia.com.br\/noticia\/?p=191024"},"modified":"2020-04-04T20:18:12","modified_gmt":"2020-04-04T23:18:12","slug":"resumo-novela-fina-estampa-06-04-teodora-ve-quinze-na-porta-do-hotel","status":"publish","type":"post","link":"https:\/\/migracao.redenoticia.com.br\/noticia\/2020\/resumo-novela-fina-estampa-06-04-teodora-ve-quinze-na-porta-do-hotel\/191024","title":{"rendered":"Resumo novela \u201cFina Estampa\u201d 06\/04: Teodora v\u00ea Quinz\u00e9 na porta do hotel"},"content":{"rendered":"<p> <img loading=\"lazy\" decoding=\"async\" class=\"aligncenter size-large wp-image-190230\" src=\"https:\/\/migracao.redenoticia.com.br\/noticia\/imagens\/fina-estampa-303x300.jpg\" alt=\"\" width=\"303\" height=\"300\" srcset=\"https:\/\/migracao.redenoticia.com.br\/noticia\/imagens\/fina-estampa-303x300.jpg 303w, https:\/\/migracao.redenoticia.com.br\/noticia\/imagens\/fina-estampa-189x187.jpg 189w, https:\/\/migracao.redenoticia.com.br\/noticia\/imagens\/fina-estampa-768x760.jpg 768w, https:\/\/migracao.redenoticia.com.br\/noticia\/imagens\/fina-estampa-150x150.jpg 150w, https:\/\/migracao.redenoticia.com.br\/noticia\/imagens\/fina-estampa-141x140.jpg 141w, https:\/\/migracao.redenoticia.com.br\/noticia\/imagens\/fina-estampa-86x85.jpg 86w, https:\/\/migracao.redenoticia.com.br\/noticia\/imagens\/fina-estampa-696x689.jpg 696w, https:\/\/migracao.redenoticia.com.br\/noticia\/imagens\/fina-estampa.jpg 800w\" sizes=\"auto, (max-width: 303px) 100vw, 303px\" \/><\/p>\n<p><em><strong>Resumo novela \u201cFina Estampa\u201d 06\/04<\/strong><\/em>: no cap\u00edtulo 013(*) da novela, segunda-feira, 06 de abril, Griselda diz a Antenor que alugar\u00e1 um quarto para ele no Recanto da Zambeze. Esther sofre ao dizer para Paulo que n\u00e3o pensa mais em engravidar. Tereza Cristina discute com Patr\u00edcia. Dona Zil\u00e1 desaparece em meio \u00e0 vegeta\u00e7\u00e3o.<\/p>\n<p>Am\u00e1lia diz a Quinz\u00e9 que Teodora est\u00e1 prestes a chegar ao Brasil. Patr\u00edcia e Tereza Cristina se reconciliam. Solange canta e ensaia sua coreografia com as amigas. Esther marca um encontro com Danielle, e Paulo ouve. Teodora v\u00ea Quinz\u00e9 na porta do hotel.<\/p>\n<p>(*) edi\u00e7\u00e3o da Rede Globo, Novela \u201cFina Estampa\u201d, sujeito a altera\u00e7\u00e3o de data e conte\u00fado.<\/p>\n<p>Sinopse \u201cFina Estampa\u201d: A vi\u00fava Griselda, conhecida como Pereir\u00e3o, trabalha como faz-tudo para sustentar seus tr\u00eas filhos. J\u00e1 Tereza Cristina \u00e9 uma socialite que acredita ter a vida perfeita. Seus destinos se cruzam por acaso e tudo muda quando Griselda ganha 30 milh\u00f5es. <\/p>\n","protected":false},"excerpt":{"rendered":"<p>Resumo novela \u201cFina Estampa\u201d 06\/04: no cap\u00edtulo 013(*) da novela, segunda-feira, 06 de abril, Griselda diz a Antenor que alugar\u00e1 um quarto para ele no Recanto da Zambeze. Esther sofre ao dizer para Paulo que n\u00e3o pensa mais em engravidar. Tereza Cristina discute com Patr\u00edcia. Dona Zil\u00e1 desaparece em meio \u00e0 vegeta\u00e7\u00e3o. Am\u00e1lia diz a [&hellip;]<\/p>\n","protected":false},"author":2,"featured_media":190232,"comment_status":"open","ping_status":"closed","sticky":false,"template":"","format":"standard","meta":{"tdm_status":"","tdm_grid_status":"","footnotes":""},"categories":[555,379,375,343],"tags":[441],"class_list":{"0":"post-191024","1":"post","2":"type-post","3":"status-publish","4":"format-standard","5":"has-post-thumbnail","7":"category-fina-estampa","8":"category-novelas","9":"category-rede-globo","10":"category-televisao","11":"tag-resumo-do-dia"},"_links":{"self":[{"href":"https:\/\/migracao.redenoticia.com.br\/noticia\/wp-json\/wp\/v2\/posts\/191024","targetHints":{"allow":["GET"]}}],"collection":[{"href":"https:\/\/migracao.redenoticia.com.br\/noticia\/wp-json\/wp\/v2\/posts"}],"about":[{"href":"https:\/\/migracao.redenoticia.com.br\/noticia\/wp-json\/wp\/v2\/types\/post"}],"author":[{"embeddable":true,"href":"https:\/\/migracao.redenoticia.com.br\/noticia\/wp-json\/wp\/v2\/users\/2"}],"replies":[{"embeddable":true,"href":"https:\/\/migracao.redenoticia.com.br\/noticia\/wp-json\/wp\/v2\/comments?post=191024"}],"version-history":[{"count":0,"href":"https:\/\/migracao.redenoticia.com.br\/noticia\/wp-json\/wp\/v2\/posts\/191024\/revisions"}],"wp:featuredmedia":[{"embeddable":true,"href":"https:\/\/migracao.redenoticia.com.br\/noticia\/wp-json\/wp\/v2\/media\/190232"}],"wp:attachment":[{"href":"https:\/\/migracao.redenoticia.com.br\/noticia\/wp-json\/wp\/v2\/media?parent=191024"}],"wp:term":[{"taxonomy":"category","embeddable":true,"href":"https:\/\/migracao.redenoticia.com.br\/noticia\/wp-json\/wp\/v2\/categories?post=191024"},{"taxonomy":"post_tag","embeddable":true,"href":"https:\/\/migracao.redenoticia.com.br\/noticia\/wp-json\/wp\/v2\/tags?post=191024"}],"curies":[{"name":"wp","href":"https:\/\/api.w.org\/{rel}","templated":true}]}}