{"id":191031,"date":"2020-04-04T20:04:12","date_gmt":"2020-04-04T23:04:12","guid":{"rendered":"https:\/\/www.redenoticia.com.br\/noticia\/?p=191031"},"modified":"2020-04-04T20:06:45","modified_gmt":"2020-04-04T23:06:45","slug":"resumo-novela-meu-coracao-e-teu-06-04-fanny-chora-ao-ler-a-carta-de-leon","status":"publish","type":"post","link":"https:\/\/migracao.redenoticia.com.br\/noticia\/2020\/resumo-novela-meu-coracao-e-teu-06-04-fanny-chora-ao-ler-a-carta-de-leon\/191031","title":{"rendered":"Resumo novela \u201cMeu Cora\u00e7\u00e3o \u00e9 Teu\u201d 06\/04: Fanny chora ao ler a carta de Leon"},"content":{"rendered":"<p> <img loading=\"lazy\" decoding=\"async\" class=\"aligncenter size-large wp-image-183929\" src=\"https:\/\/migracao.redenoticia.com.br\/noticia\/imagens\/meu-coracao-e-teu-300x300.jpg\" alt=\"\" width=\"300\" height=\"300\" srcset=\"https:\/\/migracao.redenoticia.com.br\/noticia\/imagens\/meu-coracao-e-teu-300x300.jpg 300w, https:\/\/migracao.redenoticia.com.br\/noticia\/imagens\/meu-coracao-e-teu-187x187.jpg 187w, https:\/\/migracao.redenoticia.com.br\/noticia\/imagens\/meu-coracao-e-teu-150x150.jpg 150w, https:\/\/migracao.redenoticia.com.br\/noticia\/imagens\/meu-coracao-e-teu-140x140.jpg 140w, https:\/\/migracao.redenoticia.com.br\/noticia\/imagens\/meu-coracao-e-teu-85x85.jpg 85w, https:\/\/migracao.redenoticia.com.br\/noticia\/imagens\/meu-coracao-e-teu.jpg 500w\" sizes=\"auto, (max-width: 300px) 100vw, 300px\" \/><\/p>\n<p><strong><em>Resumo da novela \u201cMeu Cora\u00e7\u00e3o \u00e9 Teu\u201d<\/em><\/strong> em 06\/04 no cap\u00edtulo 111(*) da novela, segunda-feira, 06 de abril, Fanny diz a Fernando que Ana n\u00e3o pode ficar afastada de seus irm\u00e3os, pois isso a causa uma grande dor. Fernando reage friamente. Luz diz a seu pai que n\u00e3o quer que Ana morra. Fernando a abra\u00e7a e diz que isso n\u00e3o ocorrer\u00e1. Ana diz a Soledade que quer deixar as coisas muito claras para Angel. Fanny est\u00e1 zangada pela rea\u00e7\u00e3o de Nando. Lenin diz que ela precisa entend\u00ea-lo. Jennifer diz a Ana que n\u00e3o pode se sentir derrotada, ainda que Fernando n\u00e3o queira perdo\u00e1-la. Angel se exalta quando Magda o diz que ele se conforma com as migalhas que Ana o d\u00e1. Ele responde que ir\u00e1 conquist\u00e1-la. Johnny diz a Ana que Dorival est\u00e1 desaparecido, e ele e Jennifer ir\u00e3o entregar o v\u00eddeo ao delegado.<\/p>\n<p>Fanny chora ao ler a carta de Leon. Ela se d\u00e1 conta que ainda o ama. Lenin fica muito triste ao ver a rea\u00e7\u00e3o de Fanny ao ler a carta de Leon. Alicia diz a Fernando que todos cometem erros e que n\u00e3o \u00e9 justo que ele continue brigado com Ana. Manuela diz Fernando que Isabela o proibiu de atirar Diego Nicolas na rua. Fernando vai ver Ana para dizer lhe que ela pode voltar para a mans\u00e3o trabalhar como bab\u00e1. Ana tenta falar com ele, mas Fernando \u00e9 frio com ela. Fanny diz a Helena que a carta de Leon a fez ver muitas coisas. Uma delas \u00e9 que est\u00e1 apaixonada por Lenin. Ana insiste em ver as crian\u00e7as. Angel n\u00e3o est\u00e1 de acordo, mas acaba permitindo. Helena diz a Nando que o maior de seus projetos \u00e9 formar uma fam\u00edlia com ele.<\/p>\n<p>Fanny est\u00e1 com seu carro quando v\u00ea Henrique. Johnny diz a Ana que o delegado vai fechar a \u201cChicago\u201d. Fanny diz a Lenin que est\u00e1 apaixonada por ele. Soledade adverte Angel que ele pode acabar ficando sem Ana e sem Magda. Fernando, ciumento, d\u00e1 um cheque a Angel. Fernando reclama com Soledade, por ela ter sido c\u00famplice de Ana. Ela pede que Fernando deixe seu orgulho de lado. Ele responde que n\u00e3o \u00e9 orgulho, e sim decep\u00e7\u00e3o. Dorival v\u00ea pela TV que existe uma ordem de deten\u00e7\u00e3o contra ele. As crian\u00e7as se alegram ao ver Ana de volta \u00e0 mans\u00e3o. Ana explica a Alicia porque mentiu para Fernando. Ana e Nando se veem pela primeira vez desde que ela voltou a mans\u00e3o. Nando \u00e9 frio com ela.<\/p>\n<p>(*) edi\u00e7\u00e3o do SBT, Novela \u201cMeu Cora\u00e7\u00e3o \u00e9 Teu\u201d, sujeito a altera\u00e7\u00e3o de data e conte\u00fado.<\/p>\n<p>Novela \u201cMeu Cora\u00e7\u00e3o \u00e9 Teu\u201d: Ana Leal \u00e9 uma mulher alegre e otimista. Um desastre destr\u00f3i sua casa e Ana perde tudo o que tem. Fernando Lascur\u00e1in, um prestigiado empres\u00e1rio que se lembra com tristeza que h\u00e1 um ano morreu sua esposa. Fernando \u00e9 o pai de sete filhos: Fanny de 19 anos, Nando de 17 anos, Alicia de 14 anos, Sebasti\u00e3o de 11 anos, os g\u00eameos Alex e Guille de 8 anos e a pequena Luz de 4 anos. Estes sete \u201cpequenos\u201d se encarregaram de fazer a vida de dezenas de bab\u00e1s imposs\u00edvel, mas Fernando precisa urgentemente de uma bab\u00e1 que cuide de seus filhos.<\/p>\n<p>As necessidades e a vontade de se superar, levam Ana a buscar outro trabalho. Sua falta de experi\u00eancia, e sua educa\u00e7\u00e3o prec\u00e1ria complicam o processo de ela encontrar um trabalho est\u00e1vel. Mas o destino tem algo preparado a ela: por uma confus\u00e3o, Ana termina chegando \u00e0 mans\u00e3o Lascur\u00e1in sem saber que l\u00e1 encontrar\u00e1 tudo o que sempre sonhou.<\/p>\n","protected":false},"excerpt":{"rendered":"<p>Resumo da novela \u201cMeu Cora\u00e7\u00e3o \u00e9 Teu\u201d em 06\/04 no cap\u00edtulo 111(*) da novela, segunda-feira, 06 de abril, Fanny diz a Fernando que Ana n\u00e3o pode ficar afastada de seus irm\u00e3os, pois isso a causa uma grande dor. Fernando reage friamente. Luz diz a seu pai que n\u00e3o quer que Ana morra. Fernando a abra\u00e7a [&hellip;]<\/p>\n","protected":false},"author":2,"featured_media":183928,"comment_status":"open","ping_status":"closed","sticky":false,"template":"","format":"standard","meta":{"tdm_status":"","tdm_grid_status":"","footnotes":""},"categories":[379,372,343],"tags":[441],"class_list":{"0":"post-191031","1":"post","2":"type-post","3":"status-publish","4":"format-standard","5":"has-post-thumbnail","7":"category-novelas","8":"category-sbt","9":"category-televisao","10":"tag-resumo-do-dia"},"_links":{"self":[{"href":"https:\/\/migracao.redenoticia.com.br\/noticia\/wp-json\/wp\/v2\/posts\/191031","targetHints":{"allow":["GET"]}}],"collection":[{"href":"https:\/\/migracao.redenoticia.com.br\/noticia\/wp-json\/wp\/v2\/posts"}],"about":[{"href":"https:\/\/migracao.redenoticia.com.br\/noticia\/wp-json\/wp\/v2\/types\/post"}],"author":[{"embeddable":true,"href":"https:\/\/migracao.redenoticia.com.br\/noticia\/wp-json\/wp\/v2\/users\/2"}],"replies":[{"embeddable":true,"href":"https:\/\/migracao.redenoticia.com.br\/noticia\/wp-json\/wp\/v2\/comments?post=191031"}],"version-history":[{"count":0,"href":"https:\/\/migracao.redenoticia.com.br\/noticia\/wp-json\/wp\/v2\/posts\/191031\/revisions"}],"wp:featuredmedia":[{"embeddable":true,"href":"https:\/\/migracao.redenoticia.com.br\/noticia\/wp-json\/wp\/v2\/media\/183928"}],"wp:attachment":[{"href":"https:\/\/migracao.redenoticia.com.br\/noticia\/wp-json\/wp\/v2\/media?parent=191031"}],"wp:term":[{"taxonomy":"category","embeddable":true,"href":"https:\/\/migracao.redenoticia.com.br\/noticia\/wp-json\/wp\/v2\/categories?post=191031"},{"taxonomy":"post_tag","embeddable":true,"href":"https:\/\/migracao.redenoticia.com.br\/noticia\/wp-json\/wp\/v2\/tags?post=191031"}],"curies":[{"name":"wp","href":"https:\/\/api.w.org\/{rel}","templated":true}]}}