{"id":191043,"date":"2020-04-04T20:14:30","date_gmt":"2020-04-04T23:14:30","guid":{"rendered":"https:\/\/www.redenoticia.com.br\/noticia\/?p=191043"},"modified":"2020-04-04T20:14:30","modified_gmt":"2020-04-04T23:14:30","slug":"resumo-novela-novo-mundo-06-04-pedro-e-leopoldina-se-conhecem","status":"publish","type":"post","link":"https:\/\/migracao.redenoticia.com.br\/noticia\/2020\/resumo-novela-novo-mundo-06-04-pedro-e-leopoldina-se-conhecem\/191043","title":{"rendered":"Resumo novela \u201cNovo Mundo\u201d 06\/04: Pedro e Leopoldina se conhecem"},"content":{"rendered":"<p><img loading=\"lazy\" decoding=\"async\" class=\"aligncenter size-large wp-image-190256\" src=\"https:\/\/migracao.redenoticia.com.br\/noticia\/imagens\/novo-mundo-reprise-globo-300x300.jpg\" alt=\"\" width=\"300\" height=\"300\" srcset=\"https:\/\/migracao.redenoticia.com.br\/noticia\/imagens\/novo-mundo-reprise-globo-300x300.jpg 300w, https:\/\/migracao.redenoticia.com.br\/noticia\/imagens\/novo-mundo-reprise-globo-187x187.jpg 187w, https:\/\/migracao.redenoticia.com.br\/noticia\/imagens\/novo-mundo-reprise-globo-150x150.jpg 150w, https:\/\/migracao.redenoticia.com.br\/noticia\/imagens\/novo-mundo-reprise-globo-140x140.jpg 140w, https:\/\/migracao.redenoticia.com.br\/noticia\/imagens\/novo-mundo-reprise-globo-85x85.jpg 85w, https:\/\/migracao.redenoticia.com.br\/noticia\/imagens\/novo-mundo-reprise-globo.jpg 600w\" sizes=\"auto, (max-width: 300px) 100vw, 300px\" \/><\/p>\n<p><em><strong>Resumo novela \u201cNovo Mundo\u201d 06\/04<\/strong><\/em>: no cap\u00edtulo 007(*) da novela, segunda-feira, 06 de abril, os \u00edndios levam Joaquim para a aldeia. O paj\u00e9 Tibiri\u00e7\u00e1 afirma que Joaquim n\u00e3o pode morrer e convence Ubirajara de manter o rapaz na aldeia. Thomas reconhece Elvira no porto. Peter, Let\u00edcia e Ferdinando n\u00e3o conseguem comer na taberna de Germana e Licurgo. Fred tenta descobrir os planos de Thomas. Pedro e Leopoldina se conhecem.<\/p>\n<p>Jurema repreende Jacira por observar Joaquim. Elvira fica arrasada com a suposta morte de Joaquim. Padre Olinto teme pela vida de Joaquim. Anna sente-se mal na festa de recep\u00e7\u00e3o para a princesa. Piat\u00e3 descobre que os \u00edndios vivem escondidos na mata. Leopoldina pede para Piat\u00e3 cantar e Dom Jo\u00e3o repreende o comportamento de Carlota diante do menino. Joaquim recupera a consci\u00eancia.<\/p>\n<p>(*) edi\u00e7\u00e3o da Rede Globo, Novela \u201cNovo Mundo\u201d, sujeito a altera\u00e7\u00e3o de data e conte\u00fado.<\/p>\n<p>Sinopse \u201cNovo Mundo\u201d: Em 1817 Anna Millman (Isabelle Drummond) \u00e9 uma inglesa que \u00e9 professora de portugu\u00eas que se envolve com o ator luso-brasileiro Joaquim Martinho (Chay Suede). Os dois se conhecem na Europa, mas v\u00eam ao pa\u00eds por causa da uni\u00e3o da futura imperatriz do Brasil com Dom Pedro (Caio Castro). Seus destinos se cruzam ao se encontrarem a bordo do navio que traz a princesa Maria Leopoldina de \u00c1ustria (Let\u00edcia Colin) para o Brasil, j\u00e1 que havia se casado com Dom Pedro por meio de uma procura\u00e7\u00e3o. Os dois iniciam um romance durante a viagem ao Novo Mundo.<\/p>\n","protected":false},"excerpt":{"rendered":"<p>Resumo novela \u201cNovo Mundo\u201d 06\/04: no cap\u00edtulo 007(*) da novela, segunda-feira, 06 de abril, os \u00edndios levam Joaquim para a aldeia. O paj\u00e9 Tibiri\u00e7\u00e1 afirma que Joaquim n\u00e3o pode morrer e convence Ubirajara de manter o rapaz na aldeia. Thomas reconhece Elvira no porto. Peter, Let\u00edcia e Ferdinando n\u00e3o conseguem comer na taberna de Germana [&hellip;]<\/p>\n","protected":false},"author":2,"featured_media":190257,"comment_status":"open","ping_status":"closed","sticky":false,"template":"","format":"standard","meta":{"tdm_status":"","tdm_grid_status":"","footnotes":""},"categories":[379,557,375,343],"tags":[441],"class_list":{"0":"post-191043","1":"post","2":"type-post","3":"status-publish","4":"format-standard","5":"has-post-thumbnail","7":"category-novelas","8":"category-novo-mundo","9":"category-rede-globo","10":"category-televisao","11":"tag-resumo-do-dia"},"_links":{"self":[{"href":"https:\/\/migracao.redenoticia.com.br\/noticia\/wp-json\/wp\/v2\/posts\/191043","targetHints":{"allow":["GET"]}}],"collection":[{"href":"https:\/\/migracao.redenoticia.com.br\/noticia\/wp-json\/wp\/v2\/posts"}],"about":[{"href":"https:\/\/migracao.redenoticia.com.br\/noticia\/wp-json\/wp\/v2\/types\/post"}],"author":[{"embeddable":true,"href":"https:\/\/migracao.redenoticia.com.br\/noticia\/wp-json\/wp\/v2\/users\/2"}],"replies":[{"embeddable":true,"href":"https:\/\/migracao.redenoticia.com.br\/noticia\/wp-json\/wp\/v2\/comments?post=191043"}],"version-history":[{"count":0,"href":"https:\/\/migracao.redenoticia.com.br\/noticia\/wp-json\/wp\/v2\/posts\/191043\/revisions"}],"wp:featuredmedia":[{"embeddable":true,"href":"https:\/\/migracao.redenoticia.com.br\/noticia\/wp-json\/wp\/v2\/media\/190257"}],"wp:attachment":[{"href":"https:\/\/migracao.redenoticia.com.br\/noticia\/wp-json\/wp\/v2\/media?parent=191043"}],"wp:term":[{"taxonomy":"category","embeddable":true,"href":"https:\/\/migracao.redenoticia.com.br\/noticia\/wp-json\/wp\/v2\/categories?post=191043"},{"taxonomy":"post_tag","embeddable":true,"href":"https:\/\/migracao.redenoticia.com.br\/noticia\/wp-json\/wp\/v2\/tags?post=191043"}],"curies":[{"name":"wp","href":"https:\/\/api.w.org\/{rel}","templated":true}]}}