{"id":191087,"date":"2020-04-06T11:53:24","date_gmt":"2020-04-06T14:53:24","guid":{"rendered":"https:\/\/www.redenoticia.com.br\/noticia\/?p=191087"},"modified":"2020-04-06T20:16:23","modified_gmt":"2020-04-06T23:16:23","slug":"resumo-novela-meu-coracao-e-teu-07-04-angel-declara-seu-amor-para-ana","status":"publish","type":"post","link":"https:\/\/migracao.redenoticia.com.br\/noticia\/2020\/resumo-novela-meu-coracao-e-teu-07-04-angel-declara-seu-amor-para-ana\/191087","title":{"rendered":"Resumo novela \u201cMeu Cora\u00e7\u00e3o \u00e9 Teu\u201d 07\/04: Angel declara seu amor para Ana"},"content":{"rendered":"<p><img loading=\"lazy\" decoding=\"async\" src=\"https:\/\/migracao.redenoticia.com.br\/noticia\/imagens\/meu-coracao-e-teu-300x300.jpg\" alt=\"\" width=\"300\" height=\"300\" class=\"aligncenter size-large wp-image-183929\" srcset=\"https:\/\/migracao.redenoticia.com.br\/noticia\/imagens\/meu-coracao-e-teu-300x300.jpg 300w, https:\/\/migracao.redenoticia.com.br\/noticia\/imagens\/meu-coracao-e-teu-187x187.jpg 187w, https:\/\/migracao.redenoticia.com.br\/noticia\/imagens\/meu-coracao-e-teu-150x150.jpg 150w, https:\/\/migracao.redenoticia.com.br\/noticia\/imagens\/meu-coracao-e-teu-140x140.jpg 140w, https:\/\/migracao.redenoticia.com.br\/noticia\/imagens\/meu-coracao-e-teu-85x85.jpg 85w, https:\/\/migracao.redenoticia.com.br\/noticia\/imagens\/meu-coracao-e-teu.jpg 500w\" sizes=\"auto, (max-width: 300px) 100vw, 300px\" \/><\/p>\n<p><strong><em>Resumo da novela \u201cMeu Cora\u00e7\u00e3o \u00e9 Teu\u201d<\/em><\/strong> em 07\/04: no cap\u00edtulo 112(*) da novela, ter\u00e7a-feira, 07 de abril, chega um t\u00e9cnico de internet \u00e0 mans\u00e3o para arrumar a conex\u00e3o de internet que est\u00e1 falhando e Henrique, que est\u00e1 no jardim da casa, se esconde na caminhonete do funcion\u00e1rio. Henrique v\u00ea Lenin e Fanny chegando. Lenin ainda est\u00e1 preocupado pelo que Fanny sente por Leon. Ela o acalma, dizendo que est\u00e1 apaixonada por ele. Henrique consegue sair da caminhonete e corre para se esconder no quarto do jardineiro. Isabela visita Fernando e se surpreende ao ver Ana. Ana diz a Manuela que Isabela foi quem enviou a carta an\u00f4nima \u00e0 Fernando. Lenin e Fanny est\u00e3o fazendo uma tarefa para a escola. Ela diz a Lenin que acredita ter visto Henrique no jardim. Ana implora \u00e0 Nando que a deixe se explicar e ele aceita. Johnny volta \u00e0 casa de Jennifer, e a encontra furiosa.<\/p>\n<p>Jennifer exige que Johnny durma no sof\u00e1. Isabela odeia Sebasti\u00e3o e, como vingan\u00e7a, o envia um v\u00eddeo de Ana dan\u00e7ando para que ele se decepcione com ela. Luz dorme no quarto de Ana com Diego Nicolas. Quando Ana desce para tomar um ch\u00e1, Henrique entra no quarto e pega o beb\u00ea. Luz acorda, mas ele a amea\u00e7a e ela fica calada. Henrique vai at\u00e9 o quarto de Fanny, abre a porta e a v\u00ea. Luz v\u00ea Henrique carregando seu irm\u00e3ozinho e corre para chamar Ana. Ana est\u00e1 na cozinha, tomando um ch\u00e1 antes de dormir. Ana pede aos seguran\u00e7as que procurem Henrique por todos os cantos da casa. Henrique consegue fugir pela porta de servi\u00e7o. Fernando fica hist\u00e9rico e reclama com os seguran\u00e7as.<\/p>\n<p>Ana, por culpa do ch\u00e1, chega son\u00e2mbula \u00e0 cama de Fernando. Na manh\u00e3 seguinte ele reclama, mas ela o ignora. Fernando pede a Fanny que n\u00e3o v\u00e1 \u00e0 escola. Ela concorda, pois percebe seu pai muito alterado. Angel convida Ana para tomar caf\u00e9 e diz que a ama. Ana responde que n\u00e3o pode retribuir esse amor. Soledade diz a Angel que ele n\u00e3o ama Ana. Yolanda vai visitar Isabela e escuta como a filha agiu para separar Fernando de Ana. Yolanda fala para Fernando n\u00e3o permitir que sua filha ven\u00e7a e separe em definitivo ele de Ana. Johnny visita Fernando para se desculpar com ele e pede que perdoe Ana. Jennifer fala com Ana que est\u00e1 muito zangada, pois Johnny anda estranho. Johnny d\u00e1 um anel de compromisso \u00e0 Jennifer e pede que ela se case com ele. Ela aceita.<\/p>\n<p>(*) edi\u00e7\u00e3o do SBT, Novela \u201cMeu Cora\u00e7\u00e3o \u00e9 Teu\u201d, sujeito a altera\u00e7\u00e3o de data e conte\u00fado.<\/p>\n<p>Novela \u201cMeu Cora\u00e7\u00e3o \u00e9 Teu\u201d: Ana Leal \u00e9 uma mulher alegre e otimista. Um desastre destr\u00f3i sua casa e Ana perde tudo o que tem. Fernando Lascur\u00e1in, um prestigiado empres\u00e1rio que se lembra com tristeza que h\u00e1 um ano morreu sua esposa. Fernando \u00e9 o pai de sete filhos: Fanny de 19 anos, Nando de 17 anos, Alicia de 14 anos, Sebasti\u00e3o de 11 anos, os g\u00eameos Alex e Guille de 8 anos e a pequena Luz de 4 anos. Estes sete \u201cpequenos\u201d se encarregaram de fazer a vida de dezenas de bab\u00e1s imposs\u00edvel, mas Fernando precisa urgentemente de uma bab\u00e1 que cuide de seus filhos.<\/p>\n<p>As necessidades e a vontade de se superar, levam Ana a buscar outro trabalho. Sua falta de experi\u00eancia, e sua educa\u00e7\u00e3o prec\u00e1ria complicam o processo de ela encontrar um trabalho est\u00e1vel. Mas o destino tem algo preparado a ela: por uma confus\u00e3o, Ana termina chegando \u00e0 mans\u00e3o Lascur\u00e1in sem saber que l\u00e1 encontrar\u00e1 tudo o que sempre sonhou. <\/p>\n","protected":false},"excerpt":{"rendered":"<p>Resumo da novela \u201cMeu Cora\u00e7\u00e3o \u00e9 Teu\u201d em 07\/04: no cap\u00edtulo 112(*) da novela, ter\u00e7a-feira, 07 de abril, chega um t\u00e9cnico de internet \u00e0 mans\u00e3o para arrumar a conex\u00e3o de internet que est\u00e1 falhando e Henrique, que est\u00e1 no jardim da casa, se esconde na caminhonete do funcion\u00e1rio. Henrique v\u00ea Lenin e Fanny chegando. Lenin [&hellip;]<\/p>\n","protected":false},"author":4,"featured_media":183928,"comment_status":"open","ping_status":"closed","sticky":false,"template":"","format":"standard","meta":{"tdm_status":"","tdm_grid_status":"","footnotes":""},"categories":[379,372,343],"tags":[441],"class_list":{"0":"post-191087","1":"post","2":"type-post","3":"status-publish","4":"format-standard","5":"has-post-thumbnail","7":"category-novelas","8":"category-sbt","9":"category-televisao","10":"tag-resumo-do-dia"},"_links":{"self":[{"href":"https:\/\/migracao.redenoticia.com.br\/noticia\/wp-json\/wp\/v2\/posts\/191087","targetHints":{"allow":["GET"]}}],"collection":[{"href":"https:\/\/migracao.redenoticia.com.br\/noticia\/wp-json\/wp\/v2\/posts"}],"about":[{"href":"https:\/\/migracao.redenoticia.com.br\/noticia\/wp-json\/wp\/v2\/types\/post"}],"author":[{"embeddable":true,"href":"https:\/\/migracao.redenoticia.com.br\/noticia\/wp-json\/wp\/v2\/users\/4"}],"replies":[{"embeddable":true,"href":"https:\/\/migracao.redenoticia.com.br\/noticia\/wp-json\/wp\/v2\/comments?post=191087"}],"version-history":[{"count":0,"href":"https:\/\/migracao.redenoticia.com.br\/noticia\/wp-json\/wp\/v2\/posts\/191087\/revisions"}],"wp:featuredmedia":[{"embeddable":true,"href":"https:\/\/migracao.redenoticia.com.br\/noticia\/wp-json\/wp\/v2\/media\/183928"}],"wp:attachment":[{"href":"https:\/\/migracao.redenoticia.com.br\/noticia\/wp-json\/wp\/v2\/media?parent=191087"}],"wp:term":[{"taxonomy":"category","embeddable":true,"href":"https:\/\/migracao.redenoticia.com.br\/noticia\/wp-json\/wp\/v2\/categories?post=191087"},{"taxonomy":"post_tag","embeddable":true,"href":"https:\/\/migracao.redenoticia.com.br\/noticia\/wp-json\/wp\/v2\/tags?post=191087"}],"curies":[{"name":"wp","href":"https:\/\/api.w.org\/{rel}","templated":true}]}}