{"id":191106,"date":"2020-04-22T14:07:03","date_gmt":"2020-04-22T17:07:03","guid":{"rendered":"https:\/\/www.redenoticia.com.br\/noticia\/?p=191106"},"modified":"2020-04-22T19:37:27","modified_gmt":"2020-04-22T22:37:27","slug":"novela-avenida-brasil-santiago-se-revela-bandido-e-ladrao-de-joias","status":"publish","type":"post","link":"https:\/\/migracao.redenoticia.com.br\/noticia\/2020\/novela-avenida-brasil-santiago-se-revela-bandido-e-ladrao-de-joias\/191106","title":{"rendered":"Novela \u201cAvenida Brasil\u201d: Santiago se revela bandido e ladr\u00e3o de j\u00f3ias"},"content":{"rendered":"<p><img loading=\"lazy\" decoding=\"async\" src=\"https:\/\/migracao.redenoticia.com.br\/noticia\/imagens\/avenida-brasil-elenco-04-300x300.jpg\" alt=\"\" width=\"300\" height=\"300\" class=\"aligncenter size-large wp-image-183449\" srcset=\"https:\/\/migracao.redenoticia.com.br\/noticia\/imagens\/avenida-brasil-elenco-04-300x300.jpg 300w, https:\/\/migracao.redenoticia.com.br\/noticia\/imagens\/avenida-brasil-elenco-04-187x187.jpg 187w, https:\/\/migracao.redenoticia.com.br\/noticia\/imagens\/avenida-brasil-elenco-04-150x150.jpg 150w, https:\/\/migracao.redenoticia.com.br\/noticia\/imagens\/avenida-brasil-elenco-04-140x140.jpg 140w, https:\/\/migracao.redenoticia.com.br\/noticia\/imagens\/avenida-brasil-elenco-04-85x85.jpg 85w, https:\/\/migracao.redenoticia.com.br\/noticia\/imagens\/avenida-brasil-elenco-04.jpg 530w\" sizes=\"auto, (max-width: 300px) 100vw, 300px\" \/> <strong><em>Novela \u201cAvenida Brasil\u201d:<\/em><\/strong> Mist\u00e9rio de Lucinda e Santiago come\u00e7a a ser desvendado. Ex-casal vive atormentado por um passado cheio de segredos. Santiago se revela um bandido. O pai de Carminha recebe a visita de um homem, que lhe entrega uma sacola cheia de bonecas e brinquedos. O velho enfia uma faca nelas e vai tirando de dentro quatro aneis, tr\u00eas pulseiras, um colar e alguns rel\u00f3gios. <\/p>\n<p>\u201cFinalmente voc\u00ea caprichou. Agora sim, tamos falando a minha l\u00edngua!\u201d, diz, rindo, o mau-car\u00e1ter. O homem afirma que tudo \u00e9 de primeira, porque roubaram da casa de um embaixador. Santiago examina as pe\u00e7as com uma lupa. \u201cUma beleza! Joias de fam\u00edlia mesmo&#8230;\u201d, constata o bandido. Cena prevista para abril na novela \u201cAvenida Brasil\u201d.<\/p>\n<p>\u201cAvenida Brasil\u201d: a hist\u00f3ria de uma jovem que, desde os 11 anos, planeja um acerto de contas com a madrasta. Rita (Mel Maia), \u00f3rf\u00e3 de m\u00e3e, era criada, com muito amor, pelo pai Gen\u00e9sio (Tony Ramos). Tudo muda quando ele se casa com Carmen L\u00facia, a Carminha (Adriana Esteves), uma mulher ambiciosa e dissimulada. Com Gen\u00e9sio, ela se passava por esposa doce e dedicada; com Rita, era uma madrasta m\u00e1.<\/p>\n<p>A menina entra em desespero ao descobrir, ap\u00f3s ouvir uma conversa da madrasta ao telefone, que Carminha est\u00e1 armando um golpe contra seu pai: ele ser\u00e1 abordado na sa\u00edda do banco, logo ap\u00f3s receber o pagamento pela venda da casa onde mora com a filha e a nova esposa.<\/p>\n","protected":false},"excerpt":{"rendered":"<p>Novela \u201cAvenida Brasil\u201d: Mist\u00e9rio de Lucinda e Santiago come\u00e7a a ser desvendado. Ex-casal vive atormentado por um passado cheio de segredos. Santiago se revela um bandido. O pai de Carminha recebe a visita de um homem, que lhe entrega uma sacola cheia de bonecas e brinquedos. O velho enfia uma faca nelas e vai tirando [&hellip;]<\/p>\n","protected":false},"author":2,"featured_media":182544,"comment_status":"open","ping_status":"closed","sticky":false,"template":"","format":"standard","meta":{"tdm_status":"","tdm_grid_status":"","footnotes":""},"categories":[549,388,379,375,343],"tags":[440],"class_list":{"0":"post-191106","1":"post","2":"type-post","3":"status-publish","4":"format-standard","5":"has-post-thumbnail","7":"category-avenida-brasil","8":"category-destaques","9":"category-novelas","10":"category-rede-globo","11":"category-televisao","12":"tag-noticia-novela"},"_links":{"self":[{"href":"https:\/\/migracao.redenoticia.com.br\/noticia\/wp-json\/wp\/v2\/posts\/191106","targetHints":{"allow":["GET"]}}],"collection":[{"href":"https:\/\/migracao.redenoticia.com.br\/noticia\/wp-json\/wp\/v2\/posts"}],"about":[{"href":"https:\/\/migracao.redenoticia.com.br\/noticia\/wp-json\/wp\/v2\/types\/post"}],"author":[{"embeddable":true,"href":"https:\/\/migracao.redenoticia.com.br\/noticia\/wp-json\/wp\/v2\/users\/2"}],"replies":[{"embeddable":true,"href":"https:\/\/migracao.redenoticia.com.br\/noticia\/wp-json\/wp\/v2\/comments?post=191106"}],"version-history":[{"count":0,"href":"https:\/\/migracao.redenoticia.com.br\/noticia\/wp-json\/wp\/v2\/posts\/191106\/revisions"}],"wp:featuredmedia":[{"embeddable":true,"href":"https:\/\/migracao.redenoticia.com.br\/noticia\/wp-json\/wp\/v2\/media\/182544"}],"wp:attachment":[{"href":"https:\/\/migracao.redenoticia.com.br\/noticia\/wp-json\/wp\/v2\/media?parent=191106"}],"wp:term":[{"taxonomy":"category","embeddable":true,"href":"https:\/\/migracao.redenoticia.com.br\/noticia\/wp-json\/wp\/v2\/categories?post=191106"},{"taxonomy":"post_tag","embeddable":true,"href":"https:\/\/migracao.redenoticia.com.br\/noticia\/wp-json\/wp\/v2\/tags?post=191106"}],"curies":[{"name":"wp","href":"https:\/\/api.w.org\/{rel}","templated":true}]}}