{"id":191114,"date":"2020-05-04T20:34:20","date_gmt":"2020-05-04T23:34:20","guid":{"rendered":"https:\/\/www.redenoticia.com.br\/noticia\/?p=191114"},"modified":"2020-05-08T13:21:12","modified_gmt":"2020-05-08T16:21:12","slug":"novela-totalmente-demais-arthur-se-apaixona-por-eliza","status":"publish","type":"post","link":"https:\/\/migracao.redenoticia.com.br\/noticia\/2020\/novela-totalmente-demais-arthur-se-apaixona-por-eliza\/191114","title":{"rendered":"Novela &#8220;Totalmente Demais&#8221;: Arthur investe na transforma\u00e7\u00e3o de Eliza"},"content":{"rendered":"<p><img loading=\"lazy\" decoding=\"async\" src=\"https:\/\/migracao.redenoticia.com.br\/noticia\/imagens\/totalmente-demais-311x300.jpg\" alt=\"\" width=\"311\" height=\"300\" class=\"aligncenter size-large wp-image-190259\" srcset=\"https:\/\/migracao.redenoticia.com.br\/noticia\/imagens\/totalmente-demais-311x300.jpg 311w, https:\/\/migracao.redenoticia.com.br\/noticia\/imagens\/totalmente-demais-194x187.jpg 194w, https:\/\/migracao.redenoticia.com.br\/noticia\/imagens\/totalmente-demais-145x140.jpg 145w, https:\/\/migracao.redenoticia.com.br\/noticia\/imagens\/totalmente-demais-88x85.jpg 88w, https:\/\/migracao.redenoticia.com.br\/noticia\/imagens\/totalmente-demais.jpg 512w\" sizes=\"auto, (max-width: 311px) 100vw, 311px\" \/> <em><strong>Novela &#8220;Totalmente Demais&#8221;:<\/strong><\/em> Ap\u00f3s sofrer ass\u00e9dio do padrasto, Eliza (Marina Ruy Barbosa) foge para a capital. Nas ruas do Rio de Janeiro, ela conhece Jonatas (Felipe Simas), que se torna seu primeiro amor. Os dois passam a morar em um cinema abandonado, no Bairro de F\u00e1tima. A vida da vendedora de flores se transforma quando ela conhece Arthur (F\u00e1bio Assun\u00e7\u00e3o). O dono da ag\u00eancia Excalibur procura uma modelo para ganhar o concurso Garota Totalmente Demais. Ele aposta o pr\u00f3prio emprego com Carolina Castilho (Juliana Paes), diretora da revista Totalmente Demais, que Eliza sair\u00e1 vencedora. <\/p>\n<p>Para que tudo d\u00ea certo, Arthur investe pesado na transforma\u00e7\u00e3o de Eliza em uma top model: a leva para sua casa, oferece aulas de etiqueta conduzidas por sua pr\u00f3pria m\u00e3e, Stelinha (Gl\u00f3ria Menezes), compra roupas, a leva para tratar da apar\u00eancia. Nessa miss\u00e3o, claro, Arthur se apaixona pela mocinha. Cenas previstas para abril e maio na novela \u201cTotalmente Demais\u201d.<\/p>\n<p>Sinopse Novela &#8220;Totalmente Demais&#8221;: Ap\u00f3s sofrer ass\u00e9dio do padrasto, Eliza (Marina Ruy Barbosa) foge para a capital. Nas ruas do Rio de Janeiro, ela conhece Jonatas (Felipe Simas), que se torna seu primeiro amor. Os dois passam a morar em um cinema abandonado, no Bairro de F\u00e1tima. A vida da vendedora de flores se transforma quando ela conhece Arthur (F\u00e1bio Assun\u00e7\u00e3o). O dono da ag\u00eancia Excalibur procura uma modelo para ganhar o concurso Garota Totalmente Demais. <\/p>\n","protected":false},"excerpt":{"rendered":"<p>Novela &#8220;Totalmente Demais&#8221;: Ap\u00f3s sofrer ass\u00e9dio do padrasto, Eliza (Marina Ruy Barbosa) foge para a capital. Nas ruas do Rio de Janeiro, ela conhece Jonatas (Felipe Simas), que se torna seu primeiro amor. Os dois passam a morar em um cinema abandonado, no Bairro de F\u00e1tima. A vida da vendedora de flores se transforma quando [&hellip;]<\/p>\n","protected":false},"author":2,"featured_media":190258,"comment_status":"open","ping_status":"closed","sticky":false,"template":"","format":"standard","meta":{"tdm_status":"","tdm_grid_status":"","footnotes":""},"categories":[388,379,375,343,556],"tags":[440],"class_list":{"0":"post-191114","1":"post","2":"type-post","3":"status-publish","4":"format-standard","5":"has-post-thumbnail","7":"category-destaques","8":"category-novelas","9":"category-rede-globo","10":"category-televisao","11":"category-totalmente-demais","12":"tag-noticia-novela"},"_links":{"self":[{"href":"https:\/\/migracao.redenoticia.com.br\/noticia\/wp-json\/wp\/v2\/posts\/191114","targetHints":{"allow":["GET"]}}],"collection":[{"href":"https:\/\/migracao.redenoticia.com.br\/noticia\/wp-json\/wp\/v2\/posts"}],"about":[{"href":"https:\/\/migracao.redenoticia.com.br\/noticia\/wp-json\/wp\/v2\/types\/post"}],"author":[{"embeddable":true,"href":"https:\/\/migracao.redenoticia.com.br\/noticia\/wp-json\/wp\/v2\/users\/2"}],"replies":[{"embeddable":true,"href":"https:\/\/migracao.redenoticia.com.br\/noticia\/wp-json\/wp\/v2\/comments?post=191114"}],"version-history":[{"count":0,"href":"https:\/\/migracao.redenoticia.com.br\/noticia\/wp-json\/wp\/v2\/posts\/191114\/revisions"}],"wp:featuredmedia":[{"embeddable":true,"href":"https:\/\/migracao.redenoticia.com.br\/noticia\/wp-json\/wp\/v2\/media\/190258"}],"wp:attachment":[{"href":"https:\/\/migracao.redenoticia.com.br\/noticia\/wp-json\/wp\/v2\/media?parent=191114"}],"wp:term":[{"taxonomy":"category","embeddable":true,"href":"https:\/\/migracao.redenoticia.com.br\/noticia\/wp-json\/wp\/v2\/categories?post=191114"},{"taxonomy":"post_tag","embeddable":true,"href":"https:\/\/migracao.redenoticia.com.br\/noticia\/wp-json\/wp\/v2\/tags?post=191114"}],"curies":[{"name":"wp","href":"https:\/\/api.w.org\/{rel}","templated":true}]}}