{"id":1912,"date":"2009-05-22T23:21:12","date_gmt":"2009-05-23T03:21:12","guid":{"rendered":"http:\/\/www.redenoticia.com.br\/noticia\/?p=1912"},"modified":"2009-05-22T23:21:12","modified_gmt":"2009-05-23T03:21:12","slug":"social-do-rede-noticia-abracos-deste-sabado-23-vao-para%e2%80%a6","status":"publish","type":"post","link":"https:\/\/migracao.redenoticia.com.br\/noticia\/2009\/social-do-rede-noticia-abracos-deste-sabado-23-vao-para%e2%80%a6\/1912","title":{"rendered":"Social do Rede Not\u00edcia &#8211; Abra\u00e7os deste s\u00e1bado (23) v\u00e3o para\u2026"},"content":{"rendered":"<p><span style=\"font-family: Arial;\">&#8211; abra\u00e7o aos leitores ass\u00edduos;<\/span><\/p>\n<p><span style=\"font-family: Arial;\">&#8211; aos atletas do v\u00f4lei que abriram os jogos escolares 2009;<\/span><\/p>\n<p><span style=\"font-family: Arial;\">&#8211; \u00e0 torcida que compareceu ao Gerivald\u00e3o nesta sexta(22);<\/span><\/p>\n<p><span style=\"font-family: Arial;\">&#8211; ao F\u00e1bio de Souza que apresentou brilhantemente toda a cerim\u00f4nia..<\/span><\/p>\n<p><span style=\"font-family: Arial;\">Aproveite para mandar o seu abra\u00e7o atrav\u00e9s do campo abaixo \u201cComent\u00e1rios\u201d. <\/span><\/p>\n<p><span style=\"font-family: Arial;\">Mande que n\u00f3s publicamos.<\/span><\/p>\n","protected":false},"excerpt":{"rendered":"<p>&#8211; abra\u00e7o aos leitores ass\u00edduos; &#8211; aos atletas do v\u00f4lei que abriram os jogos escolares 2009; &#8211; \u00e0 torcida que compareceu ao Gerivald\u00e3o nesta sexta(22); &#8211; ao F\u00e1bio de Souza que apresentou brilhantemente toda a cerim\u00f4nia.. Aproveite para mandar o seu abra\u00e7o atrav\u00e9s do campo abaixo \u201cComent\u00e1rios\u201d. Mande que n\u00f3s publicamos.<\/p>\n","protected":false},"author":3,"featured_media":0,"comment_status":"open","ping_status":"open","sticky":false,"template":"","format":"standard","meta":{"tdm_status":"","tdm_grid_status":"","footnotes":""},"categories":[22],"tags":[],"class_list":{"0":"post-1912","1":"post","2":"type-post","3":"status-publish","4":"format-standard","6":"category-brasil"},"_links":{"self":[{"href":"https:\/\/migracao.redenoticia.com.br\/noticia\/wp-json\/wp\/v2\/posts\/1912","targetHints":{"allow":["GET"]}}],"collection":[{"href":"https:\/\/migracao.redenoticia.com.br\/noticia\/wp-json\/wp\/v2\/posts"}],"about":[{"href":"https:\/\/migracao.redenoticia.com.br\/noticia\/wp-json\/wp\/v2\/types\/post"}],"author":[{"embeddable":true,"href":"https:\/\/migracao.redenoticia.com.br\/noticia\/wp-json\/wp\/v2\/users\/3"}],"replies":[{"embeddable":true,"href":"https:\/\/migracao.redenoticia.com.br\/noticia\/wp-json\/wp\/v2\/comments?post=1912"}],"version-history":[{"count":0,"href":"https:\/\/migracao.redenoticia.com.br\/noticia\/wp-json\/wp\/v2\/posts\/1912\/revisions"}],"wp:attachment":[{"href":"https:\/\/migracao.redenoticia.com.br\/noticia\/wp-json\/wp\/v2\/media?parent=1912"}],"wp:term":[{"taxonomy":"category","embeddable":true,"href":"https:\/\/migracao.redenoticia.com.br\/noticia\/wp-json\/wp\/v2\/categories?post=1912"},{"taxonomy":"post_tag","embeddable":true,"href":"https:\/\/migracao.redenoticia.com.br\/noticia\/wp-json\/wp\/v2\/tags?post=1912"}],"curies":[{"name":"wp","href":"https:\/\/api.w.org\/{rel}","templated":true}]}}