{"id":191203,"date":"2020-04-08T12:00:30","date_gmt":"2020-04-08T15:00:30","guid":{"rendered":"https:\/\/www.redenoticia.com.br\/noticia\/?p=191203"},"modified":"2020-04-08T12:00:30","modified_gmt":"2020-04-08T15:00:30","slug":"resumo-novela-meu-coracao-e-teu-09-04-fernando-proibe-ana-de-receber-visitas-no-trabalho","status":"publish","type":"post","link":"https:\/\/migracao.redenoticia.com.br\/noticia\/2020\/resumo-novela-meu-coracao-e-teu-09-04-fernando-proibe-ana-de-receber-visitas-no-trabalho\/191203","title":{"rendered":"Resumo novela \u201cMeu Cora\u00e7\u00e3o \u00e9 Teu\u201d 09\/04: Fernando pro\u00edbe Ana de receber visitas no trabalho"},"content":{"rendered":"<p><img loading=\"lazy\" decoding=\"async\" src=\"https:\/\/migracao.redenoticia.com.br\/noticia\/imagens\/meu-coracao-e-teu-300x300.jpg\" alt=\"\" width=\"300\" height=\"300\" class=\"aligncenter size-large wp-image-183929\" srcset=\"https:\/\/migracao.redenoticia.com.br\/noticia\/imagens\/meu-coracao-e-teu-300x300.jpg 300w, https:\/\/migracao.redenoticia.com.br\/noticia\/imagens\/meu-coracao-e-teu-187x187.jpg 187w, https:\/\/migracao.redenoticia.com.br\/noticia\/imagens\/meu-coracao-e-teu-150x150.jpg 150w, https:\/\/migracao.redenoticia.com.br\/noticia\/imagens\/meu-coracao-e-teu-140x140.jpg 140w, https:\/\/migracao.redenoticia.com.br\/noticia\/imagens\/meu-coracao-e-teu-85x85.jpg 85w, https:\/\/migracao.redenoticia.com.br\/noticia\/imagens\/meu-coracao-e-teu.jpg 500w\" sizes=\"auto, (max-width: 300px) 100vw, 300px\" \/><\/p>\n<p><strong><em>Resumo da novela \u201cMeu Cora\u00e7\u00e3o \u00e9 Teu\u201d<\/em><\/strong> em 09\/04 no cap\u00edtulo 114(*) da novela, quinta-feira, 09 de abril, Fernando est\u00e1 a ponto de ensinar a toda fam\u00edlia como mexer no alarme quando escuta um grito de Alicia. Todos sobem para ver se ela est\u00e1 bem. Alicia havia gritado porque recebeu uma mensagem de texto de Pablo, dizendo-lhe que voltar\u00e1 ao pa\u00eds para ficar. Jennifer e Johnny decidem se casar e procuram testemunhas. Eles pedem apoio a Ana e Fernando, mas Fernando responde que n\u00e3o.<\/p>\n<p>Alicia diz a Ana que a ajudar\u00e1 a voltar com seu pai. Fanny conta a Ana o que ocorreu com Leon e que sua conduta a surpreendeu. Fernando diz a Bruno que Ana est\u00e1 proibida de receber visitas sociais em hor\u00e1rio de trabalho e que, caso algu\u00e9m deseje v\u00ea-la, que o avisem de imediato. Ana escreve uma carta a Fernando e a entrega, mas ele a devolve sem ao menos ter lido. Bruno informa Ana sobre a ordem que Fernando lhe deu, quanto a ela n\u00e3o poder receber visitas.<\/p>\n<p>Ana apelida Fernando de \u201cSr.Pedra\u201d. Manuela sai para ir a um bar com Zeus e Bruno fica com ci\u00fames. Sebasti\u00e3o fica impressionado com a forma de dan\u00e7ar de Ana e pede que ela o leve \u00e0 escola de Johnny. Angel chega na mans\u00e3o para ver Ana e Fernando o expulsa. Alicia pede ao pai que perdoe Ana. Ana chega \u00e0 inaugura\u00e7\u00e3o do \u201cJohnny\u2019s Pole Dance\u201d e Jennifer diz a ela que se casar\u00e1 com Johnny, e que ela e Fernando ser\u00e3o padrinhos.<\/p>\n<p>(*) edi\u00e7\u00e3o do SBT, Novela \u201cMeu Cora\u00e7\u00e3o \u00e9 Teu\u201d, sujeito a altera\u00e7\u00e3o de data e conte\u00fado.<\/p>\n<p>Novela \u201cMeu Cora\u00e7\u00e3o \u00e9 Teu\u201d: Ana Leal \u00e9 uma mulher alegre e otimista. Um desastre destr\u00f3i sua casa e Ana perde tudo o que tem. Fernando Lascur\u00e1in, um prestigiado empres\u00e1rio que se lembra com tristeza que h\u00e1 um ano morreu sua esposa. Fernando \u00e9 o pai de sete filhos: Fanny de 19 anos, Nando de 17 anos, Alicia de 14 anos, Sebasti\u00e3o de 11 anos, os g\u00eameos Alex e Guille de 8 anos e a pequena Luz de 4 anos. Estes sete \u201cpequenos\u201d se encarregaram de fazer a vida de dezenas de bab\u00e1s imposs\u00edvel, mas Fernando precisa urgentemente de uma bab\u00e1 que cuide de seus filhos.<\/p>\n<p>As necessidades e a vontade de se superar, levam Ana a buscar outro trabalho. Sua falta de experi\u00eancia, e sua educa\u00e7\u00e3o prec\u00e1ria complicam o processo de ela encontrar um trabalho est\u00e1vel. Mas o destino tem algo preparado a ela: por uma confus\u00e3o, Ana termina chegando \u00e0 mans\u00e3o Lascur\u00e1in sem saber que l\u00e1 encontrar\u00e1 tudo o que sempre sonhou.<\/p>\n","protected":false},"excerpt":{"rendered":"<p>Resumo da novela \u201cMeu Cora\u00e7\u00e3o \u00e9 Teu\u201d em 09\/04 no cap\u00edtulo 114(*) da novela, quinta-feira, 09 de abril, Fernando est\u00e1 a ponto de ensinar a toda fam\u00edlia como mexer no alarme quando escuta um grito de Alicia. Todos sobem para ver se ela est\u00e1 bem. Alicia havia gritado porque recebeu uma mensagem de texto de [&hellip;]<\/p>\n","protected":false},"author":4,"featured_media":82119,"comment_status":"closed","ping_status":"closed","sticky":false,"template":"","format":"standard","meta":{"tdm_status":"","tdm_grid_status":"","footnotes":""},"categories":[379,372,343],"tags":[441],"class_list":{"0":"post-191203","1":"post","2":"type-post","3":"status-publish","4":"format-standard","5":"has-post-thumbnail","7":"category-novelas","8":"category-sbt","9":"category-televisao","10":"tag-resumo-do-dia"},"_links":{"self":[{"href":"https:\/\/migracao.redenoticia.com.br\/noticia\/wp-json\/wp\/v2\/posts\/191203","targetHints":{"allow":["GET"]}}],"collection":[{"href":"https:\/\/migracao.redenoticia.com.br\/noticia\/wp-json\/wp\/v2\/posts"}],"about":[{"href":"https:\/\/migracao.redenoticia.com.br\/noticia\/wp-json\/wp\/v2\/types\/post"}],"author":[{"embeddable":true,"href":"https:\/\/migracao.redenoticia.com.br\/noticia\/wp-json\/wp\/v2\/users\/4"}],"replies":[{"embeddable":true,"href":"https:\/\/migracao.redenoticia.com.br\/noticia\/wp-json\/wp\/v2\/comments?post=191203"}],"version-history":[{"count":0,"href":"https:\/\/migracao.redenoticia.com.br\/noticia\/wp-json\/wp\/v2\/posts\/191203\/revisions"}],"wp:featuredmedia":[{"embeddable":true,"href":"https:\/\/migracao.redenoticia.com.br\/noticia\/wp-json\/wp\/v2\/media\/82119"}],"wp:attachment":[{"href":"https:\/\/migracao.redenoticia.com.br\/noticia\/wp-json\/wp\/v2\/media?parent=191203"}],"wp:term":[{"taxonomy":"category","embeddable":true,"href":"https:\/\/migracao.redenoticia.com.br\/noticia\/wp-json\/wp\/v2\/categories?post=191203"},{"taxonomy":"post_tag","embeddable":true,"href":"https:\/\/migracao.redenoticia.com.br\/noticia\/wp-json\/wp\/v2\/tags?post=191203"}],"curies":[{"name":"wp","href":"https:\/\/api.w.org\/{rel}","templated":true}]}}