{"id":191206,"date":"2020-04-08T12:03:20","date_gmt":"2020-04-08T15:03:20","guid":{"rendered":"https:\/\/www.redenoticia.com.br\/noticia\/?p=191206"},"modified":"2020-04-08T12:03:20","modified_gmt":"2020-04-08T15:03:20","slug":"resumo-novela-as-aventuras-de-poliana-09-04-ester-se-recusa-a-obedecer-pendleton","status":"publish","type":"post","link":"https:\/\/migracao.redenoticia.com.br\/noticia\/2020\/resumo-novela-as-aventuras-de-poliana-09-04-ester-se-recusa-a-obedecer-pendleton\/191206","title":{"rendered":"Resumo novela \u201cAs Aventuras de Poliana\u201d 09\/04: Ester se recusa a obedecer Pendleton"},"content":{"rendered":"<p><img loading=\"lazy\" decoding=\"async\" class=\"aligncenter size-large wp-image-148662\" src=\"https:\/\/migracao.redenoticia.com.br\/noticia\/imagens\/as-aventuras-de-poliana-novela-400x267.jpg\" alt=\"\" width=\"400\" height=\"267\" srcset=\"https:\/\/migracao.redenoticia.com.br\/noticia\/imagens\/as-aventuras-de-poliana-novela-400x267.jpg 400w, https:\/\/migracao.redenoticia.com.br\/noticia\/imagens\/as-aventuras-de-poliana-novela-250x167.jpg 250w, https:\/\/migracao.redenoticia.com.br\/noticia\/imagens\/as-aventuras-de-poliana-novela-150x100.jpg 150w, https:\/\/migracao.redenoticia.com.br\/noticia\/imagens\/as-aventuras-de-poliana-novela.jpg 600w\" sizes=\"auto, (max-width: 400px) 100vw, 400px\" \/><\/p>\n<p><strong><em>Resumo novela \u201cAs Aventuras de Poliana\u201d 09\/04<\/em><\/strong>: no cap\u00edtulo 497(*) da novela, quinta-feira, 09 de abril, Violeta diz a Luisa que Marcelo j\u00e1 deu em cima dela. Marcelo acusa Pendleton de ter hackeado seu celular. Durval descobre que Guilherme vai para Austr\u00e1lia e fica nervoso por Raquel ter escondido a informa\u00e7\u00e3o. Marcelo v\u00ea D\u00e9bora chorando por Afonso e a consola. S\u00e9rgio descobre que Joana e Claudia est\u00e3o o seguindo e disfar\u00e7a.<\/p>\n<p>Ap\u00f3s o incidente com Bento, Ruth toma medidas extremas de seguran\u00e7a com ele e Jo\u00e3o. Falc\u00e3o se alia a \u201cWald\u00e3o\u201d. Gl\u00f3ria volta a ter surtos de mem\u00f3ria. O grupo de hackers \u201cratz\u201d invade o sistema do espelho amigo e causa problemas a 0110. Ester se recusa a obedecer as ordens de Pendleton.<\/p>\n<p>(*) edi\u00e7\u00e3o do SBT, Novela \u201cAs Aventuras de Poliana\u201d, sujeito a altera\u00e7\u00e3o de data e conte\u00fado.<\/p>\n<p>\u201cAs Aventuras de Poliana\u201d &#8211; Poliana \u00e9 uma menina extrovertida e de bom cora\u00e7\u00e3o que viajava o Brasil com seus pais, Lorenzo e Alice, no grupo circense Trupe Vagalume. Aos onze anos a garota v\u00ea seu mundo desabar quando seus pais falecem e ela tem que ir morar em S\u00e3o Paulo com sua tia Lu\u00edsa, uma mulher rica e severa, a qual ela n\u00e3o conhecia e que n\u00e3o queria cuidar dela, embora sinta que \u00e9 sua obriga\u00e7\u00e3o pela alma de sua irm\u00e3. <\/p>\n<p>Apesar do jeito da rigidez da tia, Poliana decide ter uma vis\u00e3o positiva e inabal\u00e1vel da vida, mesmo nos momentos de dificuldade, tentando levar um pouco de felicidade para a vida de cada um dos seus novos amigos e vizinhos, como o Sr. Pendleton, um homem rico e infeliz por nunca ter tido filhos. Ela vai estudar no col\u00e9gio de Ruth, uma diretora de bom cora\u00e7\u00e3o que a ajuda a se adaptar, mas tem que lidar com as vilanias de Mirela, garota mais velha que n\u00e3o aceita perder a popularidade para uma novata.<\/p>\n","protected":false},"excerpt":{"rendered":"<p>Resumo novela \u201cAs Aventuras de Poliana\u201d 09\/04: no cap\u00edtulo 497(*) da novela, quinta-feira, 09 de abril, Violeta diz a Luisa que Marcelo j\u00e1 deu em cima dela. Marcelo acusa Pendleton de ter hackeado seu celular. Durval descobre que Guilherme vai para Austr\u00e1lia e fica nervoso por Raquel ter escondido a informa\u00e7\u00e3o. Marcelo v\u00ea D\u00e9bora chorando [&hellip;]<\/p>\n","protected":false},"author":4,"featured_media":148663,"comment_status":"closed","ping_status":"closed","sticky":false,"template":"","format":"standard","meta":{"tdm_status":"","tdm_grid_status":"","footnotes":""},"categories":[477,379,372,343],"tags":[441],"class_list":{"0":"post-191206","1":"post","2":"type-post","3":"status-publish","4":"format-standard","5":"has-post-thumbnail","7":"category-as-aventuras-de-poliana","8":"category-novelas","9":"category-sbt","10":"category-televisao","11":"tag-resumo-do-dia"},"_links":{"self":[{"href":"https:\/\/migracao.redenoticia.com.br\/noticia\/wp-json\/wp\/v2\/posts\/191206","targetHints":{"allow":["GET"]}}],"collection":[{"href":"https:\/\/migracao.redenoticia.com.br\/noticia\/wp-json\/wp\/v2\/posts"}],"about":[{"href":"https:\/\/migracao.redenoticia.com.br\/noticia\/wp-json\/wp\/v2\/types\/post"}],"author":[{"embeddable":true,"href":"https:\/\/migracao.redenoticia.com.br\/noticia\/wp-json\/wp\/v2\/users\/4"}],"replies":[{"embeddable":true,"href":"https:\/\/migracao.redenoticia.com.br\/noticia\/wp-json\/wp\/v2\/comments?post=191206"}],"version-history":[{"count":0,"href":"https:\/\/migracao.redenoticia.com.br\/noticia\/wp-json\/wp\/v2\/posts\/191206\/revisions"}],"wp:featuredmedia":[{"embeddable":true,"href":"https:\/\/migracao.redenoticia.com.br\/noticia\/wp-json\/wp\/v2\/media\/148663"}],"wp:attachment":[{"href":"https:\/\/migracao.redenoticia.com.br\/noticia\/wp-json\/wp\/v2\/media?parent=191206"}],"wp:term":[{"taxonomy":"category","embeddable":true,"href":"https:\/\/migracao.redenoticia.com.br\/noticia\/wp-json\/wp\/v2\/categories?post=191206"},{"taxonomy":"post_tag","embeddable":true,"href":"https:\/\/migracao.redenoticia.com.br\/noticia\/wp-json\/wp\/v2\/tags?post=191206"}],"curies":[{"name":"wp","href":"https:\/\/api.w.org\/{rel}","templated":true}]}}