{"id":191209,"date":"2020-04-08T12:06:31","date_gmt":"2020-04-08T15:06:31","guid":{"rendered":"https:\/\/www.redenoticia.com.br\/noticia\/?p=191209"},"modified":"2020-04-08T12:06:31","modified_gmt":"2020-04-08T15:06:31","slug":"resumo-novela-cumplices-de-um-resgate-09-04-vicente-e-preso-pela-policia-na-gravadora","status":"publish","type":"post","link":"https:\/\/migracao.redenoticia.com.br\/noticia\/2020\/resumo-novela-cumplices-de-um-resgate-09-04-vicente-e-preso-pela-policia-na-gravadora\/191209","title":{"rendered":"Resumo novela \u201cC\u00famplices de um Resgate\u201d 09\/04: Vicente \u00e9 preso pela pol\u00edcia na gravadora"},"content":{"rendered":"<p><img loading=\"lazy\" decoding=\"async\" class=\"aligncenter size-large wp-image-164526\" src=\"https:\/\/migracao.redenoticia.com.br\/noticia\/imagens\/cumplices-de-um-resgate-001-316x300.jpg\" alt=\"\" width=\"316\" height=\"300\" srcset=\"https:\/\/migracao.redenoticia.com.br\/noticia\/imagens\/cumplices-de-um-resgate-001-316x300.jpg 316w, https:\/\/migracao.redenoticia.com.br\/noticia\/imagens\/cumplices-de-um-resgate-001-197x187.jpg 197w, https:\/\/migracao.redenoticia.com.br\/noticia\/imagens\/cumplices-de-um-resgate-001-150x143.jpg 150w, https:\/\/migracao.redenoticia.com.br\/noticia\/imagens\/cumplices-de-um-resgate-001.jpg 526w\" sizes=\"auto, (max-width: 316px) 100vw, 316px\" \/><\/p>\n<p><strong><em>Resumo novela \u201cC\u00famplices de um Resgate\u201d 09\/04<\/em><\/strong>: no cap\u00edtulo 330(*) da novela, quinta-feira, 09 de abril, Manuela, que na verdade \u00e9 Isabela, destrata T\u00e9o para n\u00e3o sair com ele. Tudo desde que Omar disse para ela que se ficassem juntos ela teria que cuidar dele por toda a vida. T\u00e9o n\u00e3o sabe disso. Rebeca escuta a conversa e pergunta o motivo de Manuela ter mentido. A garota se irrita e sai de casa, encontra Omar e sai com ele. Priscila escuta os integrantes da C1R dizendo que sentem pena dela. Revoltada, a garota revela para Regina que os irm\u00e3os Vaz foram abandonados pela tia Flora. Vicente \u00e9 preso pela pol\u00edcia na gravadora. Andr\u00e9 chora. Lurdinha diz para Frederico que est\u00e1 saindo com outra pessoa. O estilista sai chateado. Come\u00e7a o embate culin\u00e1rio entre Fiorina e Nina. Mateus, D\u00f3ris e T\u00e9o s\u00e3o os apresentadores e anunciam Carol Fiorentino, Fabrizio Fasano Jr. (ambos do \u201cBake Off Brasil \u2013 M\u00e3o Na Massa\u201d) e Carlos Bertolazzi (do \u201cHell\u2019s Kitchen\u201d e \u201cBBQ Brasil\u201d) como jurados do embate. Fiorina e Nina precisam preparar um prato de entrada, um principal e uma sobremesa para serem avaliadas.<\/p>\n<p>Pedro vai at\u00e9 a cidade para dizer para Helena que decidiu se mudar para a cidade e trabalhar no zool\u00f3gico para ficar pr\u00f3ximo dela. Helena fica alegre. Fiorina precisa cozinhar os pratos que Nina iria preparar e vice-versa. Na delegacia, as crian\u00e7as da C1R tentam dizer ao delegado que viram Geraldo no galp\u00e3o da pirataria e que ele \u00e9 inocente, mas ningu\u00e9m acredita nele. Fiorina est\u00e1 na frente na soma dos pontos do embate, mas Nina descobre que ela estava usando um ramo de manjeric\u00e3o, que n\u00e3o fazia parte dos ingredientes dela. Os jurados decidem empatar as duas para decidir quem vence durante a avalia\u00e7\u00e3o do doce. Regina e Geraldo decidem denunciar os irm\u00e3os Vaz para a justi\u00e7a para impedir que eles denunciem Geraldo pela pirataria. As avalia\u00e7\u00f5es dos doces chegam ao fim e Fiorina e Nina s\u00e3o consideradas excelentes cozinheiras.<\/p>\n<p>(*) edi\u00e7\u00e3o do SBT, Novela \u201cC\u00famplices de um Resgate\u201d, sujeito a altera\u00e7\u00e3o de data e conte\u00fado.<\/p>\n<p>\u201cC\u00famplices de um Resgate\u201d &#8211; Duas irm\u00e3s g\u00eameas univitelinas que foram separadas ap\u00f3s nascimento, se reencontram somente ap\u00f3s doze anos. Manuela, uma das g\u00eameas, \u00e9 doce, meiga, gentil, e muito talentosa para a m\u00fasica e tem uma voz encantadora. Vive uma vida feliz no Vilarejo dos Sonhos, onde mora com sua av\u00f3 Nina, sua tia Helena e sua m\u00e3e Rebeca, que d\u00e1 muito amor e carinho a filha por ela nunca ter tido um pai, e ela \u00e9 a m\u00e3e biol\u00f3gica das duas garotas, mas nunca soube que teve g\u00eameas.<\/p>\n","protected":false},"excerpt":{"rendered":"<p>Resumo novela \u201cC\u00famplices de um Resgate\u201d 09\/04: no cap\u00edtulo 330(*) da novela, quinta-feira, 09 de abril, Manuela, que na verdade \u00e9 Isabela, destrata T\u00e9o para n\u00e3o sair com ele. Tudo desde que Omar disse para ela que se ficassem juntos ela teria que cuidar dele por toda a vida. T\u00e9o n\u00e3o sabe disso. Rebeca escuta [&hellip;]<\/p>\n","protected":false},"author":4,"featured_media":164526,"comment_status":"closed","ping_status":"closed","sticky":false,"template":"","format":"standard","meta":{"tdm_status":"","tdm_grid_status":"","footnotes":""},"categories":[379,372,343],"tags":[441],"class_list":{"0":"post-191209","1":"post","2":"type-post","3":"status-publish","4":"format-standard","5":"has-post-thumbnail","7":"category-novelas","8":"category-sbt","9":"category-televisao","10":"tag-resumo-do-dia"},"_links":{"self":[{"href":"https:\/\/migracao.redenoticia.com.br\/noticia\/wp-json\/wp\/v2\/posts\/191209","targetHints":{"allow":["GET"]}}],"collection":[{"href":"https:\/\/migracao.redenoticia.com.br\/noticia\/wp-json\/wp\/v2\/posts"}],"about":[{"href":"https:\/\/migracao.redenoticia.com.br\/noticia\/wp-json\/wp\/v2\/types\/post"}],"author":[{"embeddable":true,"href":"https:\/\/migracao.redenoticia.com.br\/noticia\/wp-json\/wp\/v2\/users\/4"}],"replies":[{"embeddable":true,"href":"https:\/\/migracao.redenoticia.com.br\/noticia\/wp-json\/wp\/v2\/comments?post=191209"}],"version-history":[{"count":0,"href":"https:\/\/migracao.redenoticia.com.br\/noticia\/wp-json\/wp\/v2\/posts\/191209\/revisions"}],"wp:featuredmedia":[{"embeddable":true,"href":"https:\/\/migracao.redenoticia.com.br\/noticia\/wp-json\/wp\/v2\/media\/164526"}],"wp:attachment":[{"href":"https:\/\/migracao.redenoticia.com.br\/noticia\/wp-json\/wp\/v2\/media?parent=191209"}],"wp:term":[{"taxonomy":"category","embeddable":true,"href":"https:\/\/migracao.redenoticia.com.br\/noticia\/wp-json\/wp\/v2\/categories?post=191209"},{"taxonomy":"post_tag","embeddable":true,"href":"https:\/\/migracao.redenoticia.com.br\/noticia\/wp-json\/wp\/v2\/tags?post=191209"}],"curies":[{"name":"wp","href":"https:\/\/api.w.org\/{rel}","templated":true}]}}