{"id":191339,"date":"2020-04-11T21:32:22","date_gmt":"2020-04-12T00:32:22","guid":{"rendered":"https:\/\/www.redenoticia.com.br\/noticia\/?p=191339"},"modified":"2020-04-11T22:34:32","modified_gmt":"2020-04-12T01:34:32","slug":"resumo-novela-fina-estampa-13-04-tereza-cristina-ve-iris-na-sua-festa","status":"publish","type":"post","link":"https:\/\/migracao.redenoticia.com.br\/noticia\/2020\/resumo-novela-fina-estampa-13-04-tereza-cristina-ve-iris-na-sua-festa\/191339","title":{"rendered":"Resumo novela \u201cFina Estampa\u201d 13\/04: Tereza Cristina v\u00ea \u00cdris na sua festa"},"content":{"rendered":"<p> <img loading=\"lazy\" decoding=\"async\" class=\"aligncenter size-large wp-image-190230\" src=\"https:\/\/migracao.redenoticia.com.br\/noticia\/imagens\/fina-estampa-303x300.jpg\" alt=\"\" width=\"303\" height=\"300\" srcset=\"https:\/\/migracao.redenoticia.com.br\/noticia\/imagens\/fina-estampa-303x300.jpg 303w, https:\/\/migracao.redenoticia.com.br\/noticia\/imagens\/fina-estampa-189x187.jpg 189w, https:\/\/migracao.redenoticia.com.br\/noticia\/imagens\/fina-estampa-768x760.jpg 768w, https:\/\/migracao.redenoticia.com.br\/noticia\/imagens\/fina-estampa-150x150.jpg 150w, https:\/\/migracao.redenoticia.com.br\/noticia\/imagens\/fina-estampa-141x140.jpg 141w, https:\/\/migracao.redenoticia.com.br\/noticia\/imagens\/fina-estampa-86x85.jpg 86w, https:\/\/migracao.redenoticia.com.br\/noticia\/imagens\/fina-estampa-696x689.jpg 696w, https:\/\/migracao.redenoticia.com.br\/noticia\/imagens\/fina-estampa.jpg 800w\" sizes=\"auto, (max-width: 303px) 100vw, 303px\" \/><\/p>\n<p><em><strong>Resumo novela \u201cFina Estampa\u201d 13\/04<\/strong><\/em>: no cap\u00edtulo 019(*) da novela, segunda-feira, 13 de abril, Wallace garante a Teodora que vencer\u00e1 a luta. Am\u00e1lia pergunta se Griselda perdoaria Antenor.Todos vibram com o desempenho de Vilma no programa de TV. Paulo afirma a Esther que n\u00e3o quer que ela fa\u00e7a a fertiliza\u00e7\u00e3o.<\/p>\n<p>Danielle tenta convencer Pedro Jorge a morar com ela. Paulo se desculpa com Esther. Antenor invade a festa de Ren\u00ea e Tereza Cristina. Vanessa se insinua para Ren\u00ea. \u00cdris chega \u00e0 festa, e Tereza Cristina entra em choque. Cr\u00f4 encontra Antenor. \u00cdris chega \u00e0 festa, e Tereza Cristina entra em choque.<\/p>\n<p>(*) edi\u00e7\u00e3o da Rede Globo, Novela \u201cFina Estampa\u201d, sujeito a altera\u00e7\u00e3o de data e conte\u00fado.<\/p>\n<p>Sinopse \u201cFina Estampa\u201d: A vi\u00fava Griselda, conhecida como Pereir\u00e3o, trabalha como faz-tudo para sustentar seus tr\u00eas filhos. J\u00e1 Tereza Cristina \u00e9 uma socialite que acredita ter a vida perfeita. Seus destinos se cruzam por acaso e tudo muda quando Griselda ganha 30 milh\u00f5es. <\/p>\n","protected":false},"excerpt":{"rendered":"<p>Resumo novela \u201cFina Estampa\u201d 13\/04: no cap\u00edtulo 019(*) da novela, segunda-feira, 13 de abril, Wallace garante a Teodora que vencer\u00e1 a luta. Am\u00e1lia pergunta se Griselda perdoaria Antenor.Todos vibram com o desempenho de Vilma no programa de TV. Paulo afirma a Esther que n\u00e3o quer que ela fa\u00e7a a fertiliza\u00e7\u00e3o. Danielle tenta convencer Pedro Jorge [&hellip;]<\/p>\n","protected":false},"author":2,"featured_media":190232,"comment_status":"closed","ping_status":"closed","sticky":false,"template":"","format":"standard","meta":{"tdm_status":"","tdm_grid_status":"","footnotes":""},"categories":[555,379,375,343],"tags":[441],"class_list":{"0":"post-191339","1":"post","2":"type-post","3":"status-publish","4":"format-standard","5":"has-post-thumbnail","7":"category-fina-estampa","8":"category-novelas","9":"category-rede-globo","10":"category-televisao","11":"tag-resumo-do-dia"},"_links":{"self":[{"href":"https:\/\/migracao.redenoticia.com.br\/noticia\/wp-json\/wp\/v2\/posts\/191339","targetHints":{"allow":["GET"]}}],"collection":[{"href":"https:\/\/migracao.redenoticia.com.br\/noticia\/wp-json\/wp\/v2\/posts"}],"about":[{"href":"https:\/\/migracao.redenoticia.com.br\/noticia\/wp-json\/wp\/v2\/types\/post"}],"author":[{"embeddable":true,"href":"https:\/\/migracao.redenoticia.com.br\/noticia\/wp-json\/wp\/v2\/users\/2"}],"replies":[{"embeddable":true,"href":"https:\/\/migracao.redenoticia.com.br\/noticia\/wp-json\/wp\/v2\/comments?post=191339"}],"version-history":[{"count":0,"href":"https:\/\/migracao.redenoticia.com.br\/noticia\/wp-json\/wp\/v2\/posts\/191339\/revisions"}],"wp:featuredmedia":[{"embeddable":true,"href":"https:\/\/migracao.redenoticia.com.br\/noticia\/wp-json\/wp\/v2\/media\/190232"}],"wp:attachment":[{"href":"https:\/\/migracao.redenoticia.com.br\/noticia\/wp-json\/wp\/v2\/media?parent=191339"}],"wp:term":[{"taxonomy":"category","embeddable":true,"href":"https:\/\/migracao.redenoticia.com.br\/noticia\/wp-json\/wp\/v2\/categories?post=191339"},{"taxonomy":"post_tag","embeddable":true,"href":"https:\/\/migracao.redenoticia.com.br\/noticia\/wp-json\/wp\/v2\/tags?post=191339"}],"curies":[{"name":"wp","href":"https:\/\/api.w.org\/{rel}","templated":true}]}}