{"id":191345,"date":"2020-04-11T21:20:06","date_gmt":"2020-04-12T00:20:06","guid":{"rendered":"https:\/\/www.redenoticia.com.br\/noticia\/?p=191345"},"modified":"2020-04-11T22:33:21","modified_gmt":"2020-04-12T01:33:21","slug":"resumo-novela-meu-coracao-e-teu-13-04-ana-e-fernando-se-casam","status":"publish","type":"post","link":"https:\/\/migracao.redenoticia.com.br\/noticia\/2020\/resumo-novela-meu-coracao-e-teu-13-04-ana-e-fernando-se-casam\/191345","title":{"rendered":"Resumo novela \u201cMeu Cora\u00e7\u00e3o \u00e9 Teu\u201d 13\/04: Ana e Fernando se casam"},"content":{"rendered":"<p> <img loading=\"lazy\" decoding=\"async\" class=\"aligncenter size-large wp-image-183929\" src=\"https:\/\/migracao.redenoticia.com.br\/noticia\/imagens\/meu-coracao-e-teu-300x300.jpg\" alt=\"\" width=\"300\" height=\"300\" srcset=\"https:\/\/migracao.redenoticia.com.br\/noticia\/imagens\/meu-coracao-e-teu-300x300.jpg 300w, https:\/\/migracao.redenoticia.com.br\/noticia\/imagens\/meu-coracao-e-teu-187x187.jpg 187w, https:\/\/migracao.redenoticia.com.br\/noticia\/imagens\/meu-coracao-e-teu-150x150.jpg 150w, https:\/\/migracao.redenoticia.com.br\/noticia\/imagens\/meu-coracao-e-teu-140x140.jpg 140w, https:\/\/migracao.redenoticia.com.br\/noticia\/imagens\/meu-coracao-e-teu-85x85.jpg 85w, https:\/\/migracao.redenoticia.com.br\/noticia\/imagens\/meu-coracao-e-teu.jpg 500w\" sizes=\"auto, (max-width: 300px) 100vw, 300px\" \/><\/p>\n<p><strong><em>Resumo da novela \u201cMeu Cora\u00e7\u00e3o \u00e9 Teu\u201d<\/em><\/strong> em 13\/04 no cap\u00edtulo 116(*) da novela, segunda-feira, 13 de abril, Leon fica triste por n\u00e3o estar ao lado de Fanny no casamento de Fernando e Ana. O juiz est\u00e1 para come\u00e7ar a cerim\u00f4nia, quando chega Diego, que dedica uma can\u00e7\u00e3o ao irm\u00e3o e a Ana. Arquimedes e Isabela tentam evitar que o casamento ocorra, mas n\u00e3o conseguem. Ana e Fernando s\u00e3o declarados marido e mulher. Isabela coloca vinagre na champanhe. Nicolas se aproxima de Jennifer e Johnny para desejar que sejam felizes. L\u00eanin comenta com Fanny que \u00e9 poss\u00edvel que ele receba uma bolsa de estudos no exterior, mas que n\u00e3o ir\u00e1 aceit\u00e1-la, pois n\u00e3o quer se separar dela. L\u00eanin se d\u00e1 conta que algo n\u00e3o est\u00e1 bem com Fanny. Ela diz que ele n\u00e3o deve perder essa oportunidade, ainda mais porque ela n\u00e3o est\u00e1 apaixonada por ele como acreditava. L\u00eanin d\u00e1 um beijo de despedida em Fanny. Isabela \u00e9 descoberta por Yolanda e Fernando diz que sente pena dela, pois n\u00e3o consegue suportar a felicidade alheia.<\/p>\n<p>Fanny diz a Ana que terminou com L\u00eanin e que se sente muito mal por t\u00ea-lo feito. Ela diz que se sente muito confusa, pois n\u00e3o sabe se Leon realmente a ama, e tamb\u00e9m n\u00e3o se sente preparada para a responsabilidade de ser como uma m\u00e3e para Mauricio. Diego suspeita que exista algo que Fernando e Ana n\u00e3o sabem quando ouve Yolanda dizer a Diego Nicolas: \u201cpobre de ti\u201d. Ana diz a Fernando que seria maravilhoso se o amor que sentem se materializasse em um beb\u00ea. Mauricio arma um plano para que Fanny v\u00e1 a sua casa e se encontre com Leon. Fanny diz a Leon que est\u00e1 confusa, mas Leon a beija e ela corresponde. Diego est\u00e1 disposto a descobrir o que esconde Yolanda e Isabela. Nicolas pergunta a Diego quando ele vai se assentar na vida. Ele responde que n\u00e3o pode se casar sem amor. Dorival diz a Tarc\u00edsio que vai destruir o workshop. Diego e seus sobrinhos planejam passar o dia em uma cidade diferente.<\/p>\n<p>Leon diz a Mauricio que Fanny foi embora muito zangada em seu \u00faltimo encontro com ele. Leon escreve uma carta para Fanny e a diz que caso n\u00e3o tenha uma resposta dela, \u00e9 que o que havia entre eles terminou para sempre. Isabela aproveita que ficou um momento sozinha com Diego Nicolas para lev\u00e1-lo com ela. Johnny decide comprar a casa de Ana. L\u00eanin se despede de Fanny e a agradece por ter estado ao seu lado. Ela fica confusa, pois n\u00e3o sabe se est\u00e1 fazendo a escolha certa. Mike diz a Johnny que escutou uns homens dizerem que incendiariam a \u201cescola\u201d Workshop. Ana diz a Fanny que o amor \u00e9 o principal ingrediente para perdoar, e se ela ama Leon, deve ir a o encontro que ele marcou. Fernando e Diego v\u00e3o a casa de Isabela. Ela os diz que ficar\u00e1 com seu filho para sempre. Fernando diz a Isabela que vai process\u00e1-la. Dorival amea\u00e7a Johnny com uma arma quando ele entra na \u201cescola\u201d para evitar o inc\u00eandio.<\/p>\n<p>(*) edi\u00e7\u00e3o do SBT, Novela \u201cMeu Cora\u00e7\u00e3o \u00e9 Teu\u201d, sujeito a altera\u00e7\u00e3o de data e conte\u00fado.<\/p>\n<p>Novela \u201cMeu Cora\u00e7\u00e3o \u00e9 Teu\u201d: Ana Leal \u00e9 uma mulher alegre e otimista. Um desastre destr\u00f3i sua casa e Ana perde tudo o que tem. Fernando Lascur\u00e1in, um prestigiado empres\u00e1rio que se lembra com tristeza que h\u00e1 um ano morreu sua esposa. Fernando \u00e9 o pai de sete filhos: Fanny de 19 anos, Nando de 17 anos, Alicia de 14 anos, Sebasti\u00e3o de 11 anos, os g\u00eameos Alex e Guille de 8 anos e a pequena Luz de 4 anos. Estes sete \u201cpequenos\u201d se encarregaram de fazer a vida de dezenas de bab\u00e1s imposs\u00edvel, mas Fernando precisa urgentemente de uma bab\u00e1 que cuide de seus filhos.<\/p>\n<p>As necessidades e a vontade de se superar, levam Ana a buscar outro trabalho. Sua falta de experi\u00eancia, e sua educa\u00e7\u00e3o prec\u00e1ria complicam o processo de ela encontrar um trabalho est\u00e1vel. Mas o destino tem algo preparado a ela: por uma confus\u00e3o, Ana termina chegando \u00e0 mans\u00e3o Lascur\u00e1in sem saber que l\u00e1 encontrar\u00e1 tudo o que sempre sonhou.<\/p>\n","protected":false},"excerpt":{"rendered":"<p>Resumo da novela \u201cMeu Cora\u00e7\u00e3o \u00e9 Teu\u201d em 13\/04 no cap\u00edtulo 116(*) da novela, segunda-feira, 13 de abril, Leon fica triste por n\u00e3o estar ao lado de Fanny no casamento de Fernando e Ana. O juiz est\u00e1 para come\u00e7ar a cerim\u00f4nia, quando chega Diego, que dedica uma can\u00e7\u00e3o ao irm\u00e3o e a Ana. Arquimedes e [&hellip;]<\/p>\n","protected":false},"author":2,"featured_media":183928,"comment_status":"closed","ping_status":"closed","sticky":false,"template":"","format":"standard","meta":{"tdm_status":"","tdm_grid_status":"","footnotes":""},"categories":[379,372,343],"tags":[441],"class_list":{"0":"post-191345","1":"post","2":"type-post","3":"status-publish","4":"format-standard","5":"has-post-thumbnail","7":"category-novelas","8":"category-sbt","9":"category-televisao","10":"tag-resumo-do-dia"},"_links":{"self":[{"href":"https:\/\/migracao.redenoticia.com.br\/noticia\/wp-json\/wp\/v2\/posts\/191345","targetHints":{"allow":["GET"]}}],"collection":[{"href":"https:\/\/migracao.redenoticia.com.br\/noticia\/wp-json\/wp\/v2\/posts"}],"about":[{"href":"https:\/\/migracao.redenoticia.com.br\/noticia\/wp-json\/wp\/v2\/types\/post"}],"author":[{"embeddable":true,"href":"https:\/\/migracao.redenoticia.com.br\/noticia\/wp-json\/wp\/v2\/users\/2"}],"replies":[{"embeddable":true,"href":"https:\/\/migracao.redenoticia.com.br\/noticia\/wp-json\/wp\/v2\/comments?post=191345"}],"version-history":[{"count":0,"href":"https:\/\/migracao.redenoticia.com.br\/noticia\/wp-json\/wp\/v2\/posts\/191345\/revisions"}],"wp:featuredmedia":[{"embeddable":true,"href":"https:\/\/migracao.redenoticia.com.br\/noticia\/wp-json\/wp\/v2\/media\/183928"}],"wp:attachment":[{"href":"https:\/\/migracao.redenoticia.com.br\/noticia\/wp-json\/wp\/v2\/media?parent=191345"}],"wp:term":[{"taxonomy":"category","embeddable":true,"href":"https:\/\/migracao.redenoticia.com.br\/noticia\/wp-json\/wp\/v2\/categories?post=191345"},{"taxonomy":"post_tag","embeddable":true,"href":"https:\/\/migracao.redenoticia.com.br\/noticia\/wp-json\/wp\/v2\/tags?post=191345"}],"curies":[{"name":"wp","href":"https:\/\/api.w.org\/{rel}","templated":true}]}}