{"id":191395,"date":"2020-04-13T12:23:55","date_gmt":"2020-04-13T15:23:55","guid":{"rendered":"https:\/\/www.redenoticia.com.br\/noticia\/?p=191395"},"modified":"2020-04-13T12:23:55","modified_gmt":"2020-04-13T15:23:55","slug":"resumo-novela-betty-a-feia-em-nova-york-14-04-betty-revela-a-armando-o-seu-trauma","status":"publish","type":"post","link":"https:\/\/migracao.redenoticia.com.br\/noticia\/2020\/resumo-novela-betty-a-feia-em-nova-york-14-04-betty-revela-a-armando-o-seu-trauma\/191395","title":{"rendered":"Resumo novela \u201cBetty, a Feia em Nova York\u201d 14\/04: Betty revela a Armando o seu trauma"},"content":{"rendered":"<p><img loading=\"lazy\" decoding=\"async\" class=\"aligncenter size-large wp-image-187571\" src=\"https:\/\/migracao.redenoticia.com.br\/noticia\/imagens\/betty-ny-sbt-400x225.jpg\" alt=\"\" width=\"400\" height=\"225\" srcset=\"https:\/\/migracao.redenoticia.com.br\/noticia\/imagens\/betty-ny-sbt-400x225.jpg 400w, https:\/\/migracao.redenoticia.com.br\/noticia\/imagens\/betty-ny-sbt-250x140.jpg 250w, https:\/\/migracao.redenoticia.com.br\/noticia\/imagens\/betty-ny-sbt-768x432.jpg 768w, https:\/\/migracao.redenoticia.com.br\/noticia\/imagens\/betty-ny-sbt-150x85.jpg 150w, https:\/\/migracao.redenoticia.com.br\/noticia\/imagens\/betty-ny-sbt-696x392.jpg 696w, https:\/\/migracao.redenoticia.com.br\/noticia\/imagens\/betty-ny-sbt.jpg 1280w\" sizes=\"auto, (max-width: 400px) 100vw, 400px\" \/><\/p>\n<p><em><strong>Resumo novela \u201cBetty, a Feia em Nova York\u201d 14\/04<\/strong><\/em>: no cap\u00edtulo 057(*) da novela, ter\u00e7a-feira, 14 de abril, na volta da viagem, Armando pergunta a Betty por que n\u00e3o quis ficar com ele na noite de seu anivers\u00e1rio. Ela se nega a dizer o motivo mas afirma que a culpa n\u00e3o foi dele. Betty e Armando se refugiam em uma cabana para passar a noite depois que o carro sofreu uma avaria na estrada. Molhados e com frio, eles precisam estar pr\u00f3ximos para se aquecerem. Betty revela a Armando o trauma que teve em sua primeira vez e diz que foi por causa de uma aposta.<\/p>\n<p>Armando se comove ao ouvir sua hist\u00f3ria. Marcela se preocupa por n\u00e3o ter not\u00edcias de Armando e Betty. Dem\u00e9trio e J\u00falia tamb\u00e9m est\u00e3o apreensivos. Patr\u00edcia e Marcela chegam na casa de Betty. Jenny acusa Sofia de trocar seus cremes, mas n\u00e3o tem provas. Sofia n\u00e3o perde a calma e diz a Smith e mande Jenny fazer um curso para controlar sua ira. Sandra vai ao Bar Billar e flagra Wilson com a Pantera. Ela se imagina beijando Wilson.<\/p>\n<p>(*) edi\u00e7\u00e3o da Rede Globo, Novela \u201cBetty, a Feia em Nova York\u201d, sujeito a altera\u00e7\u00e3o de data e conte\u00fado.<\/p>\n<p>Sinopse \u201cBetty, a Feia em Nova York\u201d: A historia gira entorno a Betty (Elyfer Torres), uma jovem mexicana inteligente e capaz que vive em Nova York na busca pelos sonhos superando os preju\u00edzos onde a imagem \u00e9 tudo. Depois de seis meses rejeitada e demitida de todos os trabalhos em raz\u00e3o da falta de atrativo f\u00edsico, Betty decide aceitar um trabalho muito abaixo de suas capacidades.Depois de ingressar na empresa V&amp;M Fashion, vira secret\u00e1ria pessoal do presidente da companhia.<\/p>\n<p>Apesar de ser ridicularizada e humilhada pela falta de estilo Betty est\u00e1 mais que disposta a n\u00e3o ser derrotada nesta implac\u00e1vel guerra de apar\u00eancias.Se no lado pessoal Betty \u00e9 exatamente competente e tem grandes planos para o crescimento pessoal, as suas poucas qualidades poder\u00e1 ajudar Betty a encontrar o verdadeiro amor.<\/p>\n","protected":false},"excerpt":{"rendered":"<p>Resumo novela \u201cBetty, a Feia em Nova York\u201d 14\/04: no cap\u00edtulo 057(*) da novela, ter\u00e7a-feira, 14 de abril, na volta da viagem, Armando pergunta a Betty por que n\u00e3o quis ficar com ele na noite de seu anivers\u00e1rio. Ela se nega a dizer o motivo mas afirma que a culpa n\u00e3o foi dele. Betty e [&hellip;]<\/p>\n","protected":false},"author":4,"featured_media":187571,"comment_status":"closed","ping_status":"closed","sticky":false,"template":"","format":"standard","meta":{"tdm_status":"","tdm_grid_status":"","footnotes":""},"categories":[379,372,343],"tags":[441],"class_list":{"0":"post-191395","1":"post","2":"type-post","3":"status-publish","4":"format-standard","5":"has-post-thumbnail","7":"category-novelas","8":"category-sbt","9":"category-televisao","10":"tag-resumo-do-dia"},"_links":{"self":[{"href":"https:\/\/migracao.redenoticia.com.br\/noticia\/wp-json\/wp\/v2\/posts\/191395","targetHints":{"allow":["GET"]}}],"collection":[{"href":"https:\/\/migracao.redenoticia.com.br\/noticia\/wp-json\/wp\/v2\/posts"}],"about":[{"href":"https:\/\/migracao.redenoticia.com.br\/noticia\/wp-json\/wp\/v2\/types\/post"}],"author":[{"embeddable":true,"href":"https:\/\/migracao.redenoticia.com.br\/noticia\/wp-json\/wp\/v2\/users\/4"}],"replies":[{"embeddable":true,"href":"https:\/\/migracao.redenoticia.com.br\/noticia\/wp-json\/wp\/v2\/comments?post=191395"}],"version-history":[{"count":0,"href":"https:\/\/migracao.redenoticia.com.br\/noticia\/wp-json\/wp\/v2\/posts\/191395\/revisions"}],"wp:featuredmedia":[{"embeddable":true,"href":"https:\/\/migracao.redenoticia.com.br\/noticia\/wp-json\/wp\/v2\/media\/187571"}],"wp:attachment":[{"href":"https:\/\/migracao.redenoticia.com.br\/noticia\/wp-json\/wp\/v2\/media?parent=191395"}],"wp:term":[{"taxonomy":"category","embeddable":true,"href":"https:\/\/migracao.redenoticia.com.br\/noticia\/wp-json\/wp\/v2\/categories?post=191395"},{"taxonomy":"post_tag","embeddable":true,"href":"https:\/\/migracao.redenoticia.com.br\/noticia\/wp-json\/wp\/v2\/tags?post=191395"}],"curies":[{"name":"wp","href":"https:\/\/api.w.org\/{rel}","templated":true}]}}