{"id":191397,"date":"2020-04-13T12:25:30","date_gmt":"2020-04-13T15:25:30","guid":{"rendered":"https:\/\/www.redenoticia.com.br\/noticia\/?p=191397"},"modified":"2020-04-14T13:58:40","modified_gmt":"2020-04-14T16:58:40","slug":"resumo-novela-o-que-a-vida-me-roubou-14-04-gamboa-descobre-que-alessandro-e-herdeiro-de-benjamin","status":"publish","type":"post","link":"https:\/\/migracao.redenoticia.com.br\/noticia\/2020\/resumo-novela-o-que-a-vida-me-roubou-14-04-gamboa-descobre-que-alessandro-e-herdeiro-de-benjamin\/191397","title":{"rendered":"Resumo novela \u201cO Que A Vida Me Roubou\u201d 21\/04: Gamboa descobre que Alessandro \u00e9 herdeiro de Benjamin"},"content":{"rendered":"<p><img loading=\"lazy\" decoding=\"async\" src=\"https:\/\/migracao.redenoticia.com.br\/noticia\/imagens\/o-que-a-vida-me-roubou-elenco-361x300.jpg\" alt=\"\" width=\"361\" height=\"300\" class=\"aligncenter size-large wp-image-191122\" srcset=\"https:\/\/migracao.redenoticia.com.br\/noticia\/imagens\/o-que-a-vida-me-roubou-elenco-361x300.jpg 361w, https:\/\/migracao.redenoticia.com.br\/noticia\/imagens\/o-que-a-vida-me-roubou-elenco-225x187.jpg 225w, https:\/\/migracao.redenoticia.com.br\/noticia\/imagens\/o-que-a-vida-me-roubou-elenco-168x140.jpg 168w, https:\/\/migracao.redenoticia.com.br\/noticia\/imagens\/o-que-a-vida-me-roubou-elenco-102x85.jpg 102w, https:\/\/migracao.redenoticia.com.br\/noticia\/imagens\/o-que-a-vida-me-roubou-elenco.jpg 693w\" sizes=\"auto, (max-width: 361px) 100vw, 361px\" \/><\/p>\n<p><strong><em>Resumo da novela \u201cO Que A Vida Me Roubou\u201d<\/em><\/strong> em 21\/04: no cap\u00edtulo 002(*) da novela, ter\u00e7a-feira, 21 de abril, Monserrat se desculpa com Alessandro por confundi-lo e ele a responde que n\u00e3o h\u00e1 problema. Graciela pede a Dimitrio que procure por Monserrat para descobrir com que homem ela est\u00e1 se vendo, pois toda a cidade fala disso. Na escola naval, Jos\u00e9 Luis se disp\u00f5e a sair para ver Monserrat, mas o sargento lhe comunica que ir\u00e3o zarpar em tr\u00eas dias. Pelas ruas de \u00c1gua Azul, Dimitrio vai caminhando quando uns homens o agridem e dizem que Gamboa quer seu dinheiro. Ele diz que entregar\u00e1 assim que o tiver. Na fazenda Almonte, Benjamin \u00e9 velado, mas Alessandro se recusa a estar presente. Gamboa chega para ver seu patr\u00e3o e recebe a not\u00edcia de que Alessandro \u00e9 o herdeiro de toda a fortuna de Benjamin e ir\u00e1 a \u00c1gua Azul para checar a f\u00e1brica. Monserrat vai embora triste porque Jos\u00e9 Luis n\u00e3o chegou ao encontro. No dia seguinte ela o telefona, mas ele n\u00e3o a atende. Ao entrar no escrit\u00f3rio de seu pai, ela se d\u00e1 conta que Jos\u00e9 Luis est\u00e1 l\u00e1, falando com ele.<\/p>\n<p>Lauro sai para pegar uma garrafa de vinho e Jos\u00e9 Luis e Monserrat se beijam. Ele a diz que ir\u00e1 partir por dez dias, mas em sua volta conversar\u00e1 seriamente com seu pai. Dimitrio pede cem mil reais para Graciela, dizendo que se ela n\u00e3o o der, acabar\u00e3o o matando. Na f\u00e1brica de \u00c1gua Azul, Alessandro pede a Gamboa que compre maquinaria moderna para facilitar o trabalho dos oper\u00e1rios. Gamboa sugere que ele n\u00e3o gaste e Alessandro se zanga e diz que se n\u00e3o estiver de acordo com suas ordens ele contratar\u00e1 outro administrador. Jos\u00e9 Luis chega para falar com Lauro e Monserrat se emociona. Ela pede ao pai que fale com Jos\u00e9 Luis e Lauro aceita. Toca a campainha e Lauro pensa ser Jos\u00e9 Luis, mas ao atender v\u00ea que se trata de Alessandro.<\/p>\n<p>(*) edi\u00e7\u00e3o do SBT, Novela \u201cO Que A Vida Me Roubou\u201d, sujeito a altera\u00e7\u00e3o de data e conte\u00fado.<\/p>\n<p>Novela \u201cO Que A Vida Me Roubou\u201d: A hist\u00f3ria se passa em \u00c1gua Azul, onde Montserrat vive. Montserrat \u00e9 uma bela jovem socialite que sempre foi dominada por sua m\u00e3e Graziela, cuja \u00fanica preocupa\u00e7\u00e3o \u00e9 o seu elevado estatuto na sociedade, mesmo que a fam\u00edlia esteja financeiramente arruinada. Montserrat, apesar de fazer tudo o que sua m\u00e3e diz-lhe, secretamente mant\u00e9m um relacionamento com Jos\u00e9 Luis da marinha, com quem planeja se casar.<\/p>\n","protected":false},"excerpt":{"rendered":"<p>Resumo da novela \u201cO Que A Vida Me Roubou\u201d em 21\/04: no cap\u00edtulo 002(*) da novela, ter\u00e7a-feira, 21 de abril, Monserrat se desculpa com Alessandro por confundi-lo e ele a responde que n\u00e3o h\u00e1 problema. Graciela pede a Dimitrio que procure por Monserrat para descobrir com que homem ela est\u00e1 se vendo, pois toda a [&hellip;]<\/p>\n","protected":false},"author":4,"featured_media":191123,"comment_status":"closed","ping_status":"closed","sticky":false,"template":"","format":"standard","meta":{"tdm_status":"","tdm_grid_status":"","footnotes":""},"categories":[379,372,343],"tags":[441],"class_list":{"0":"post-191397","1":"post","2":"type-post","3":"status-publish","4":"format-standard","5":"has-post-thumbnail","7":"category-novelas","8":"category-sbt","9":"category-televisao","10":"tag-resumo-do-dia"},"_links":{"self":[{"href":"https:\/\/migracao.redenoticia.com.br\/noticia\/wp-json\/wp\/v2\/posts\/191397","targetHints":{"allow":["GET"]}}],"collection":[{"href":"https:\/\/migracao.redenoticia.com.br\/noticia\/wp-json\/wp\/v2\/posts"}],"about":[{"href":"https:\/\/migracao.redenoticia.com.br\/noticia\/wp-json\/wp\/v2\/types\/post"}],"author":[{"embeddable":true,"href":"https:\/\/migracao.redenoticia.com.br\/noticia\/wp-json\/wp\/v2\/users\/4"}],"replies":[{"embeddable":true,"href":"https:\/\/migracao.redenoticia.com.br\/noticia\/wp-json\/wp\/v2\/comments?post=191397"}],"version-history":[{"count":0,"href":"https:\/\/migracao.redenoticia.com.br\/noticia\/wp-json\/wp\/v2\/posts\/191397\/revisions"}],"wp:featuredmedia":[{"embeddable":true,"href":"https:\/\/migracao.redenoticia.com.br\/noticia\/wp-json\/wp\/v2\/media\/191123"}],"wp:attachment":[{"href":"https:\/\/migracao.redenoticia.com.br\/noticia\/wp-json\/wp\/v2\/media?parent=191397"}],"wp:term":[{"taxonomy":"category","embeddable":true,"href":"https:\/\/migracao.redenoticia.com.br\/noticia\/wp-json\/wp\/v2\/categories?post=191397"},{"taxonomy":"post_tag","embeddable":true,"href":"https:\/\/migracao.redenoticia.com.br\/noticia\/wp-json\/wp\/v2\/tags?post=191397"}],"curies":[{"name":"wp","href":"https:\/\/api.w.org\/{rel}","templated":true}]}}