{"id":191403,"date":"2020-04-13T12:31:33","date_gmt":"2020-04-13T15:31:33","guid":{"rendered":"https:\/\/www.redenoticia.com.br\/noticia\/?p=191403"},"modified":"2020-04-13T12:31:33","modified_gmt":"2020-04-13T15:31:33","slug":"resumo-novela-cumplices-de-um-resgate-14-04-joaquim-e-felipe-tentam-fugir-do-orfanato","status":"publish","type":"post","link":"https:\/\/migracao.redenoticia.com.br\/noticia\/2020\/resumo-novela-cumplices-de-um-resgate-14-04-joaquim-e-felipe-tentam-fugir-do-orfanato\/191403","title":{"rendered":"Resumo novela \u201cC\u00famplices de um Resgate\u201d 14\/04: Joaquim e Felipe tentam fugir do orfanato"},"content":{"rendered":"<p><img loading=\"lazy\" decoding=\"async\" class=\"aligncenter size-large wp-image-164526\" src=\"https:\/\/migracao.redenoticia.com.br\/noticia\/imagens\/cumplices-de-um-resgate-001-316x300.jpg\" alt=\"\" width=\"316\" height=\"300\" srcset=\"https:\/\/migracao.redenoticia.com.br\/noticia\/imagens\/cumplices-de-um-resgate-001-316x300.jpg 316w, https:\/\/migracao.redenoticia.com.br\/noticia\/imagens\/cumplices-de-um-resgate-001-197x187.jpg 197w, https:\/\/migracao.redenoticia.com.br\/noticia\/imagens\/cumplices-de-um-resgate-001-150x143.jpg 150w, https:\/\/migracao.redenoticia.com.br\/noticia\/imagens\/cumplices-de-um-resgate-001.jpg 526w\" sizes=\"auto, (max-width: 316px) 100vw, 316px\" \/><\/p>\n<p><strong><em>Resumo novela \u201cC\u00famplices de um Resgate\u201d 14\/04<\/em><\/strong>: no cap\u00edtulo 333(*) da novela, Geraldo contrata o pai de Benjamin, o advogado Jaime para cuidar do caso de Vicente, fazendo o homem acreditar que possui um advogado, que na verdade trabalha para prejudic\u00e1-lo. Manuela, que na verdade \u00e9 Isabela, volta a andar com Omar. Na sorveteria, Omar diz para T\u00e9o que Manuela possui vergonha de andar com ele por ele ser cego e que ele deveria parar de procurar a garota. Na gravadora, audi\u00e7\u00e3o de Chol\u00e9 e Benjamin, juntos. Geraldo diz para Arthur que com o afastamento dos irm\u00e3os Vaz, eles podem colocar Chol\u00e9 e Benjamin no lugar deles. Arthur diz que n\u00e3o. T\u00e9o fica triste com o que escutou de Omar. Giuseppe ensina T\u00e9o como manusear a c\u00e2mera fotogr\u00e1fica.<\/p>\n<p>T\u00e9o sai para tentar fotografar, mesmo sendo cego. Helena fica feliz em saber que Pedro \u00e9 seu novo vizinho. Ot\u00e1vio conversa com Mateus e D\u00f3ris para saber sobre a altera\u00e7\u00e3o no comportamento de Manuela. As crian\u00e7as contam inclusive sobre o per\u00edodo que ficaram na mata, quando reencontraram Manuela, que na verdade \u00e9 Isabela. Omar v\u00ea T\u00e9o tirar fotos e lhe provoca. Mais tarde, todos ficam impressionados com a qualidades das fotos que T\u00e9o tirou, se deixando guiar pelos sons. Joaquim e Felipe tentam fugir do orfanato, mas s\u00e3o pegos pelos seguran\u00e7as.<\/p>\n<p>(*) edi\u00e7\u00e3o do SBT, Novela \u201cC\u00famplices de um Resgate\u201d, sujeito a altera\u00e7\u00e3o de data e conte\u00fado.<\/p>\n<p>\u201cC\u00famplices de um Resgate\u201d &#8211; Duas irm\u00e3s g\u00eameas univitelinas que foram separadas ap\u00f3s nascimento, se reencontram somente ap\u00f3s doze anos. Manuela, uma das g\u00eameas, \u00e9 doce, meiga, gentil, e muito talentosa para a m\u00fasica e tem uma voz encantadora. Vive uma vida feliz no Vilarejo dos Sonhos, onde mora com sua av\u00f3 Nina, sua tia Helena e sua m\u00e3e Rebeca, que d\u00e1 muito amor e carinho a filha por ela nunca ter tido um pai, e ela \u00e9 a m\u00e3e biol\u00f3gica das duas garotas, mas nunca soube que teve g\u00eameas.<\/p>\n","protected":false},"excerpt":{"rendered":"<p>Resumo novela \u201cC\u00famplices de um Resgate\u201d 14\/04: no cap\u00edtulo 333(*) da novela, Geraldo contrata o pai de Benjamin, o advogado Jaime para cuidar do caso de Vicente, fazendo o homem acreditar que possui um advogado, que na verdade trabalha para prejudic\u00e1-lo. Manuela, que na verdade \u00e9 Isabela, volta a andar com Omar. Na sorveteria, Omar [&hellip;]<\/p>\n","protected":false},"author":4,"featured_media":164526,"comment_status":"closed","ping_status":"closed","sticky":false,"template":"","format":"standard","meta":{"tdm_status":"","tdm_grid_status":"","footnotes":""},"categories":[379,372,343],"tags":[441],"class_list":{"0":"post-191403","1":"post","2":"type-post","3":"status-publish","4":"format-standard","5":"has-post-thumbnail","7":"category-novelas","8":"category-sbt","9":"category-televisao","10":"tag-resumo-do-dia"},"_links":{"self":[{"href":"https:\/\/migracao.redenoticia.com.br\/noticia\/wp-json\/wp\/v2\/posts\/191403","targetHints":{"allow":["GET"]}}],"collection":[{"href":"https:\/\/migracao.redenoticia.com.br\/noticia\/wp-json\/wp\/v2\/posts"}],"about":[{"href":"https:\/\/migracao.redenoticia.com.br\/noticia\/wp-json\/wp\/v2\/types\/post"}],"author":[{"embeddable":true,"href":"https:\/\/migracao.redenoticia.com.br\/noticia\/wp-json\/wp\/v2\/users\/4"}],"replies":[{"embeddable":true,"href":"https:\/\/migracao.redenoticia.com.br\/noticia\/wp-json\/wp\/v2\/comments?post=191403"}],"version-history":[{"count":0,"href":"https:\/\/migracao.redenoticia.com.br\/noticia\/wp-json\/wp\/v2\/posts\/191403\/revisions"}],"wp:featuredmedia":[{"embeddable":true,"href":"https:\/\/migracao.redenoticia.com.br\/noticia\/wp-json\/wp\/v2\/media\/164526"}],"wp:attachment":[{"href":"https:\/\/migracao.redenoticia.com.br\/noticia\/wp-json\/wp\/v2\/media?parent=191403"}],"wp:term":[{"taxonomy":"category","embeddable":true,"href":"https:\/\/migracao.redenoticia.com.br\/noticia\/wp-json\/wp\/v2\/categories?post=191403"},{"taxonomy":"post_tag","embeddable":true,"href":"https:\/\/migracao.redenoticia.com.br\/noticia\/wp-json\/wp\/v2\/tags?post=191403"}],"curies":[{"name":"wp","href":"https:\/\/api.w.org\/{rel}","templated":true}]}}