{"id":191490,"date":"2020-04-15T18:17:43","date_gmt":"2020-04-15T21:17:43","guid":{"rendered":"https:\/\/www.redenoticia.com.br\/noticia\/?p=191490"},"modified":"2020-04-15T18:17:43","modified_gmt":"2020-04-15T21:17:43","slug":"resumo-novela-meu-coracao-e-teu-16-04-fanny-acredita-que-leon-esta-morto","status":"publish","type":"post","link":"https:\/\/migracao.redenoticia.com.br\/noticia\/2020\/resumo-novela-meu-coracao-e-teu-16-04-fanny-acredita-que-leon-esta-morto\/191490","title":{"rendered":"Resumo novela \u201cMeu Cora\u00e7\u00e3o \u00e9 Teu\u201d 16\/04: Fanny acredita que Leon est\u00e1 morto"},"content":{"rendered":"<p> <img loading=\"lazy\" decoding=\"async\" class=\"aligncenter size-large wp-image-183929\" src=\"https:\/\/migracao.redenoticia.com.br\/noticia\/imagens\/meu-coracao-e-teu-300x300.jpg\" alt=\"\" width=\"300\" height=\"300\" srcset=\"https:\/\/migracao.redenoticia.com.br\/noticia\/imagens\/meu-coracao-e-teu-300x300.jpg 300w, https:\/\/migracao.redenoticia.com.br\/noticia\/imagens\/meu-coracao-e-teu-187x187.jpg 187w, https:\/\/migracao.redenoticia.com.br\/noticia\/imagens\/meu-coracao-e-teu-150x150.jpg 150w, https:\/\/migracao.redenoticia.com.br\/noticia\/imagens\/meu-coracao-e-teu-140x140.jpg 140w, https:\/\/migracao.redenoticia.com.br\/noticia\/imagens\/meu-coracao-e-teu-85x85.jpg 85w, https:\/\/migracao.redenoticia.com.br\/noticia\/imagens\/meu-coracao-e-teu.jpg 500w\" sizes=\"auto, (max-width: 300px) 100vw, 300px\" \/><\/p>\n<p><strong><em>Resumo da novela \u201cMeu Cora\u00e7\u00e3o \u00e9 Teu\u201d<\/em><\/strong> em 16\/04 no cap\u00edtulo 119(*) da novela, quinta-feira, 16 de abril, Fernando comenta com Ana que notou que entre Isabela e Diego houve algum interesse. Fanny diz a Margarida que Leon deve estar pensando que ela n\u00e3o quer voltar com ele. Bruno confessa a Manuela que a ama. Fanny est\u00e1 desesperada, pois Leon n\u00e3o aparece. Fanny descobre que um jovem com as caracter\u00edsticas de Leon sofreu um acidente e n\u00e3o resistiu aos ferimentos. Fernando diz a Ana que seu advogado est\u00e1 vendo o caso de Diego Nicolas. Fanny liga para Ana para informar lhe o ocorrido e diz pensar que Leon est\u00e1 morto. Fanny fica muito angustiada ao pensar que justo no dia em que se decidiu por Leon, ele pode ter morrido.<\/p>\n<p>Ana acorda assustada com o telefone tocando. A liga\u00e7\u00e3o \u00e9 para avis\u00e1-la que o corpo encontrado n\u00e3o \u00e9 de Leon. Leon na verdade est\u00e1 preso, pois foi pego dirigindo b\u00eabado. Ele liga para Margarida, que fica muito contente pelo filho estar vivo. Fernando diz a Diego que n\u00e3o quer descobrir por outras pessoas que ele tem uma rela\u00e7\u00e3o com Isabela. No asilo, levam um novo computador e Yolanda explica a seus amigos como usar o aparelho. Isabela vai ver Fernando e ele se mostra frio e arrependido de t\u00ea-la conhecido. Tiram Isabela de seu escrit\u00f3rio com pessoal da seguran\u00e7a. Fanny deixa uma carta para Leon, para eles se encontrarem no mesmo local do dia anterior.<\/p>\n<p>O encontro ocorre, eles acertam todas as diferen\u00e7as e reatam a rela\u00e7\u00e3o. Ana e Fernando querem ter uma noite de paix\u00e3o, mas as crian\u00e7as n\u00e3o deixam. Eles acabam dormindo com Luz. Fernando se despede de Nicolas, mas primeiro Bruno o diz que ir\u00e1 se casar com Manuela. Diego visita Isabela e cozinha para ela. Diego Nicolas chora e Isabela est\u00e1 farta da crian\u00e7a, nem dando aten\u00e7\u00e3o a ela. Jennifer e Johnny est\u00e3o desesperados por adotar Aura, mas o pai biol\u00f3gico da menina chega e pede para v\u00ea-la. Alicia est\u00e1 planejando ir a uma casa noturna com Pablo. Ela inventa uma hist\u00f3ria para Ana que, astuta, suspeita da menina. Sebasti\u00e3o se queixa de uma dor muito forte na barriga. Ana e Fernando se preocupam. Sebasti\u00e3o fica muito mal. Sebasti\u00e3o tem fortes dores no est\u00f4mago. Ana liga para \u00c2ngelo e ele pede a Ana que o leve imediatamente ao hospital. Edith volta e Fanny a encontra na universidade.<\/p>\n<p>(*) edi\u00e7\u00e3o do SBT, Novela \u201cMeu Cora\u00e7\u00e3o \u00e9 Teu\u201d, sujeito a altera\u00e7\u00e3o de data e conte\u00fado.<\/p>\n<p>Novela \u201cMeu Cora\u00e7\u00e3o \u00e9 Teu\u201d: Ana Leal \u00e9 uma mulher alegre e otimista. Um desastre destr\u00f3i sua casa e Ana perde tudo o que tem. Fernando Lascur\u00e1in, um prestigiado empres\u00e1rio que se lembra com tristeza que h\u00e1 um ano morreu sua esposa. Fernando \u00e9 o pai de sete filhos: Fanny de 19 anos, Nando de 17 anos, Alicia de 14 anos, Sebasti\u00e3o de 11 anos, os g\u00eameos Alex e Guille de 8 anos e a pequena Luz de 4 anos. Estes sete \u201cpequenos\u201d se encarregaram de fazer a vida de dezenas de bab\u00e1s imposs\u00edvel, mas Fernando precisa urgentemente de uma bab\u00e1 que cuide de seus filhos.<\/p>\n<p>As necessidades e a vontade de se superar, levam Ana a buscar outro trabalho. Sua falta de experi\u00eancia, e sua educa\u00e7\u00e3o prec\u00e1ria complicam o processo de ela encontrar um trabalho est\u00e1vel. Mas o destino tem algo preparado a ela: por uma confus\u00e3o, Ana termina chegando \u00e0 mans\u00e3o Lascur\u00e1in sem saber que l\u00e1 encontrar\u00e1 tudo o que sempre sonhou.<\/p>\n","protected":false},"excerpt":{"rendered":"<p>Resumo da novela \u201cMeu Cora\u00e7\u00e3o \u00e9 Teu\u201d em 16\/04 no cap\u00edtulo 119(*) da novela, quinta-feira, 16 de abril, Fernando comenta com Ana que notou que entre Isabela e Diego houve algum interesse. Fanny diz a Margarida que Leon deve estar pensando que ela n\u00e3o quer voltar com ele. Bruno confessa a Manuela que a ama. [&hellip;]<\/p>\n","protected":false},"author":2,"featured_media":183928,"comment_status":"closed","ping_status":"closed","sticky":false,"template":"","format":"standard","meta":{"tdm_status":"","tdm_grid_status":"","footnotes":""},"categories":[379,372,343],"tags":[441],"class_list":{"0":"post-191490","1":"post","2":"type-post","3":"status-publish","4":"format-standard","5":"has-post-thumbnail","7":"category-novelas","8":"category-sbt","9":"category-televisao","10":"tag-resumo-do-dia"},"_links":{"self":[{"href":"https:\/\/migracao.redenoticia.com.br\/noticia\/wp-json\/wp\/v2\/posts\/191490","targetHints":{"allow":["GET"]}}],"collection":[{"href":"https:\/\/migracao.redenoticia.com.br\/noticia\/wp-json\/wp\/v2\/posts"}],"about":[{"href":"https:\/\/migracao.redenoticia.com.br\/noticia\/wp-json\/wp\/v2\/types\/post"}],"author":[{"embeddable":true,"href":"https:\/\/migracao.redenoticia.com.br\/noticia\/wp-json\/wp\/v2\/users\/2"}],"replies":[{"embeddable":true,"href":"https:\/\/migracao.redenoticia.com.br\/noticia\/wp-json\/wp\/v2\/comments?post=191490"}],"version-history":[{"count":0,"href":"https:\/\/migracao.redenoticia.com.br\/noticia\/wp-json\/wp\/v2\/posts\/191490\/revisions"}],"wp:featuredmedia":[{"embeddable":true,"href":"https:\/\/migracao.redenoticia.com.br\/noticia\/wp-json\/wp\/v2\/media\/183928"}],"wp:attachment":[{"href":"https:\/\/migracao.redenoticia.com.br\/noticia\/wp-json\/wp\/v2\/media?parent=191490"}],"wp:term":[{"taxonomy":"category","embeddable":true,"href":"https:\/\/migracao.redenoticia.com.br\/noticia\/wp-json\/wp\/v2\/categories?post=191490"},{"taxonomy":"post_tag","embeddable":true,"href":"https:\/\/migracao.redenoticia.com.br\/noticia\/wp-json\/wp\/v2\/tags?post=191490"}],"curies":[{"name":"wp","href":"https:\/\/api.w.org\/{rel}","templated":true}]}}