{"id":191532,"date":"2020-04-16T12:32:28","date_gmt":"2020-04-16T15:32:28","guid":{"rendered":"https:\/\/www.redenoticia.com.br\/noticia\/?p=191532"},"modified":"2020-04-16T12:32:28","modified_gmt":"2020-04-16T15:32:28","slug":"resumo-novela-betty-a-feia-em-nova-york-17-04-julia-procura-armando","status":"publish","type":"post","link":"https:\/\/migracao.redenoticia.com.br\/noticia\/2020\/resumo-novela-betty-a-feia-em-nova-york-17-04-julia-procura-armando\/191532","title":{"rendered":"Resumo novela \u201cBetty, a Feia em Nova York\u201d 17\/04: J\u00falia procura Armando"},"content":{"rendered":"<p><img loading=\"lazy\" decoding=\"async\" class=\"aligncenter size-large wp-image-187571\" src=\"https:\/\/migracao.redenoticia.com.br\/noticia\/imagens\/betty-ny-sbt-400x225.jpg\" alt=\"\" width=\"400\" height=\"225\" srcset=\"https:\/\/migracao.redenoticia.com.br\/noticia\/imagens\/betty-ny-sbt-400x225.jpg 400w, https:\/\/migracao.redenoticia.com.br\/noticia\/imagens\/betty-ny-sbt-250x140.jpg 250w, https:\/\/migracao.redenoticia.com.br\/noticia\/imagens\/betty-ny-sbt-768x432.jpg 768w, https:\/\/migracao.redenoticia.com.br\/noticia\/imagens\/betty-ny-sbt-150x85.jpg 150w, https:\/\/migracao.redenoticia.com.br\/noticia\/imagens\/betty-ny-sbt-696x392.jpg 696w, https:\/\/migracao.redenoticia.com.br\/noticia\/imagens\/betty-ny-sbt.jpg 1280w\" sizes=\"auto, (max-width: 400px) 100vw, 400px\" \/><\/p>\n<p><em><strong>Resumo novela \u201cBetty, a Feia em Nova York\u201d 17\/04<\/strong><\/em>: no cap\u00edtulo 060(*) da novela, sexta-feira, 17 de abril, Marcela s\u00f3 se convence que est\u00e1 errada quando Hugo afirma que Fiorella chegou \u00e0 noite em um voo que veio da Europa e que \u00e9 uma mulher casada. Marcela fica sem ch\u00e3o e tem consci\u00eancia que acaba de cometer o pior erro de sua vida. Efrain recebe a intima\u00e7\u00e3o para assinar o pedido de div\u00f3rcio.<\/p>\n<p>N\u00edcolas conta a Dem\u00e9trio o plano de abrir seu pr\u00f3prio neg\u00f3cio com dinheiro economizado com o sal\u00e1rio da BAR. Ele tamb\u00e9m decide mudar seu visual. J\u00falia procura Armando e deixa claro que n\u00e3o vai permitir que ele brinque com os sentimentos de sua filha.<\/p>\n<p>(*) edi\u00e7\u00e3o da Rede Globo, Novela \u201cBetty, a Feia em Nova York\u201d, sujeito a altera\u00e7\u00e3o de data e conte\u00fado.<\/p>\n<p>Sinopse \u201cBetty, a Feia em Nova York\u201d: A historia gira entorno a Betty (Elyfer Torres), uma jovem mexicana inteligente e capaz que vive em Nova York na busca pelos sonhos superando os preju\u00edzos onde a imagem \u00e9 tudo. Depois de seis meses rejeitada e demitida de todos os trabalhos em raz\u00e3o da falta de atrativo f\u00edsico, Betty decide aceitar um trabalho muito abaixo de suas capacidades.Depois de ingressar na empresa V&amp;M Fashion, vira secret\u00e1ria pessoal do presidente da companhia.<\/p>\n<p>Apesar de ser ridicularizada e humilhada pela falta de estilo Betty est\u00e1 mais que disposta a n\u00e3o ser derrotada nesta implac\u00e1vel guerra de apar\u00eancias.Se no lado pessoal Betty \u00e9 exatamente competente e tem grandes planos para o crescimento pessoal, as suas poucas qualidades poder\u00e1 ajudar Betty a encontrar o verdadeiro amor.<\/p>\n","protected":false},"excerpt":{"rendered":"<p>Resumo novela \u201cBetty, a Feia em Nova York\u201d 17\/04: no cap\u00edtulo 060(*) da novela, sexta-feira, 17 de abril, Marcela s\u00f3 se convence que est\u00e1 errada quando Hugo afirma que Fiorella chegou \u00e0 noite em um voo que veio da Europa e que \u00e9 uma mulher casada. Marcela fica sem ch\u00e3o e tem consci\u00eancia que acaba [&hellip;]<\/p>\n","protected":false},"author":4,"featured_media":187571,"comment_status":"closed","ping_status":"closed","sticky":false,"template":"","format":"standard","meta":{"tdm_status":"","tdm_grid_status":"","footnotes":""},"categories":[379,372,343],"tags":[441],"class_list":{"0":"post-191532","1":"post","2":"type-post","3":"status-publish","4":"format-standard","5":"has-post-thumbnail","7":"category-novelas","8":"category-sbt","9":"category-televisao","10":"tag-resumo-do-dia"},"_links":{"self":[{"href":"https:\/\/migracao.redenoticia.com.br\/noticia\/wp-json\/wp\/v2\/posts\/191532","targetHints":{"allow":["GET"]}}],"collection":[{"href":"https:\/\/migracao.redenoticia.com.br\/noticia\/wp-json\/wp\/v2\/posts"}],"about":[{"href":"https:\/\/migracao.redenoticia.com.br\/noticia\/wp-json\/wp\/v2\/types\/post"}],"author":[{"embeddable":true,"href":"https:\/\/migracao.redenoticia.com.br\/noticia\/wp-json\/wp\/v2\/users\/4"}],"replies":[{"embeddable":true,"href":"https:\/\/migracao.redenoticia.com.br\/noticia\/wp-json\/wp\/v2\/comments?post=191532"}],"version-history":[{"count":0,"href":"https:\/\/migracao.redenoticia.com.br\/noticia\/wp-json\/wp\/v2\/posts\/191532\/revisions"}],"wp:featuredmedia":[{"embeddable":true,"href":"https:\/\/migracao.redenoticia.com.br\/noticia\/wp-json\/wp\/v2\/media\/187571"}],"wp:attachment":[{"href":"https:\/\/migracao.redenoticia.com.br\/noticia\/wp-json\/wp\/v2\/media?parent=191532"}],"wp:term":[{"taxonomy":"category","embeddable":true,"href":"https:\/\/migracao.redenoticia.com.br\/noticia\/wp-json\/wp\/v2\/categories?post=191532"},{"taxonomy":"post_tag","embeddable":true,"href":"https:\/\/migracao.redenoticia.com.br\/noticia\/wp-json\/wp\/v2\/tags?post=191532"}],"curies":[{"name":"wp","href":"https:\/\/api.w.org\/{rel}","templated":true}]}}