{"id":191589,"date":"2020-04-19T23:16:57","date_gmt":"2020-04-20T02:16:57","guid":{"rendered":"https:\/\/www.redenoticia.com.br\/noticia\/?p=191589"},"modified":"2020-04-25T21:17:32","modified_gmt":"2020-04-26T00:17:32","slug":"bbb-20-resultado-enquete-votacao-em-ivy-rafa-e-thelma-movimenta-o-paredao","status":"publish","type":"post","link":"https:\/\/migracao.redenoticia.com.br\/noticia\/2020\/bbb-20-resultado-enquete-votacao-em-ivy-rafa-e-thelma-movimenta-o-paredao\/191589","title":{"rendered":"\u201cBBB\u201d 20 resultado enquete: vota\u00e7\u00e3o em Ivy, Rafa e Thelma movimentou o pared\u00e3o"},"content":{"rendered":"<p><img loading=\"lazy\" decoding=\"async\" class=\"aligncenter size-large wp-image-166033\" src=\"https:\/\/migracao.redenoticia.com.br\/noticia\/imagens\/BBB-enquete-votacao-400x205.jpg\" alt=\"\" width=\"400\" height=\"205\" srcset=\"https:\/\/migracao.redenoticia.com.br\/noticia\/imagens\/BBB-enquete-votacao-400x205.jpg 400w, https:\/\/migracao.redenoticia.com.br\/noticia\/imagens\/BBB-enquete-votacao-250x128.jpg 250w, https:\/\/migracao.redenoticia.com.br\/noticia\/imagens\/BBB-enquete-votacao-768x393.jpg 768w, https:\/\/migracao.redenoticia.com.br\/noticia\/imagens\/BBB-enquete-votacao-696x356.jpg 696w, https:\/\/migracao.redenoticia.com.br\/noticia\/imagens\/BBB-enquete-votacao-150x77.jpg 150w, https:\/\/migracao.redenoticia.com.br\/noticia\/imagens\/BBB-enquete-votacao-560x287.jpg 560w, https:\/\/migracao.redenoticia.com.br\/noticia\/imagens\/BBB-enquete-votacao.jpg 885w\" sizes=\"auto, (max-width: 400px) 100vw, 400px\" \/><\/p>\n<p><em><strong>\u201cBBB&#8221; 20 vota\u00e7\u00e3o e resultado da enquete Ivy, Rafa e Thelma:<\/strong><\/em> em 19\/04, Tiago anunciou o resultado do pared\u00e3o votado pelo p\u00fablico. Ivy recebeu 74,17% dos votos v\u00e1lidos e deixou o programa. Rafa e Thelma permanecem na disputa. <\/p>\n<div class=\"destaques\">\n<h5>Destaques:<\/h5>\n<p><a href=\"https:\/\/migracao.redenoticia.com.br\/noticia\/2020\/bbb-20-resultado-da-enquete-quem-merece-vencer-o-programa\/187630\">\u201cBBB\u201d 20 resultado da enquete: quem merece vencer o programa<\/a><br \/>\n<a href=\"https:\/\/migracao.redenoticia.com.br\/noticia\/2020\/bbb-20-resultado-enquete-votacao-em-babu-rafa-e-thelma-movimenta-o-paredao\/191856\">\u201cBBB\u201d 20 resultado enquete: vota\u00e7\u00e3o em Babu, Rafa e Thelma movimentou o pared\u00e3o<\/a><\/p>\n<\/div>\n<p>Tudo come\u00e7ou em 17\/04, quando Tiago anunciou o Pared\u00e3o, sem a imunidade do anjo, e confirmou que Mari venceu a Prova do L\u00edder. Ela indicou Rafa para o pared\u00e3o. Rafa, Manu, Babu e Thelma votaram na Ivy, que votou na Thelma. Ivy foi a mais votada e indicou Thelma para o Pared\u00e3o triplo.  <\/p>\n<p>A vota\u00e7\u00e3o do p\u00fablico acontece at\u00e9 o programa ao vivo \u201cBBB&#8221; 20 deste domingo, 19\/04. Resultado parcial 19\/04, 12h01: Ivy 49.37%, Thelma 40.73%, Rafa 9.9%, em 167.154 votos. Participe da vota\u00e7\u00e3o na enquete:<\/p>\n<p> <script type=\"text\/javascript\" charset=\"utf-8\" data-cfasync=\"false\" src=\"https:\/\/secure.polldaddy.com\/p\/10539227.js\"><\/script><br \/>\n<noscript><a href=\"https:\/\/poll.fm\/10539227\">Quem deve sair no Pared\u00e3o \u201cBBB\u201d 20? Ivy, Rafa ou Thelma<\/a><\/noscript><\/p>\n<div class=\"destaques\">\n<h5>Destaques:<\/h5>\n<p><a href=\"https:\/\/migracao.redenoticia.com.br\/noticia\/2020\/bbb-20-resultado-da-enquete-quem-merece-vencer-o-programa\/187630\">\u201cBBB\u201d 20 resultado da enquete: quem merece vencer o programa<\/a><br \/>\n<a href=\"https:\/\/migracao.redenoticia.com.br\/noticia\/2020\/bbb-20-ultimas-noticias\/186971\">&#8220;BBB&#8221; 20 \u00faltimas not\u00edcias<\/a><\/p>\n<\/div>\n<p>A vota\u00e7\u00e3o oficial acontece no site do programa.<\/p>\n<p>&#8212;<br \/>\nOs inscritos selecionados para o grupo Pipoca: o arquiteto Felipe Prior, a cantora Flayslane Lane, advogada Gizelly Bicalho, o modelo Guilherme Napolitano, o ex-jogador Hadson Nery, o fisioterapeuta Lucas Gallina, as m\u00e9dicas Marcela Mc Gowan e Thelma Assis e o psic\u00f3logo Victor Hugo.<br \/>\nO ator Babu Santana, as influenciadoras Bianca Andrade, Mari Gonzalez e Rafa Kalimann, as cantoras Gabi Martins e Manu Gavassi, o youtuber hipn\u00f3logo Pyong Lee, o surfista Lucas Chumbo e o ginasta Petrix Barbosa foram convidados e formaram grupo Camarote. Daniel e Ivy venceram a disputa da Casa de Vidro e entraram na casa em 04\/02.<\/p>\n<p>Fonte e imagem &#8220;BBB&#8221; 20 Rede Globo &#8211; vota\u00e7\u00e3o enquete<\/p>\n","protected":false},"excerpt":{"rendered":"<p>\u201cBBB&#8221; 20 vota\u00e7\u00e3o e resultado da enquete Ivy, Rafa e Thelma: em 19\/04, Tiago anunciou o resultado do pared\u00e3o votado pelo p\u00fablico. Ivy recebeu 74,17% dos votos v\u00e1lidos e deixou o programa. Rafa e Thelma permanecem na disputa. Destaques: \u201cBBB\u201d 20 resultado da enquete: quem merece vencer o programa \u201cBBB\u201d 20 resultado enquete: vota\u00e7\u00e3o em [&hellip;]<\/p>\n","protected":false},"author":2,"featured_media":166031,"comment_status":"closed","ping_status":"closed","sticky":false,"template":"","format":"standard","meta":{"tdm_status":"","tdm_grid_status":"","footnotes":""},"categories":[554,520,375,343],"tags":[466,521],"class_list":{"0":"post-191589","1":"post","2":"type-post","3":"status-publish","4":"format-standard","5":"has-post-thumbnail","7":"category-bbb-20","8":"category-big-brother-brasil","9":"category-rede-globo","10":"category-televisao","11":"tag-bbb","12":"tag-enquete"},"_links":{"self":[{"href":"https:\/\/migracao.redenoticia.com.br\/noticia\/wp-json\/wp\/v2\/posts\/191589","targetHints":{"allow":["GET"]}}],"collection":[{"href":"https:\/\/migracao.redenoticia.com.br\/noticia\/wp-json\/wp\/v2\/posts"}],"about":[{"href":"https:\/\/migracao.redenoticia.com.br\/noticia\/wp-json\/wp\/v2\/types\/post"}],"author":[{"embeddable":true,"href":"https:\/\/migracao.redenoticia.com.br\/noticia\/wp-json\/wp\/v2\/users\/2"}],"replies":[{"embeddable":true,"href":"https:\/\/migracao.redenoticia.com.br\/noticia\/wp-json\/wp\/v2\/comments?post=191589"}],"version-history":[{"count":0,"href":"https:\/\/migracao.redenoticia.com.br\/noticia\/wp-json\/wp\/v2\/posts\/191589\/revisions"}],"wp:featuredmedia":[{"embeddable":true,"href":"https:\/\/migracao.redenoticia.com.br\/noticia\/wp-json\/wp\/v2\/media\/166031"}],"wp:attachment":[{"href":"https:\/\/migracao.redenoticia.com.br\/noticia\/wp-json\/wp\/v2\/media?parent=191589"}],"wp:term":[{"taxonomy":"category","embeddable":true,"href":"https:\/\/migracao.redenoticia.com.br\/noticia\/wp-json\/wp\/v2\/categories?post=191589"},{"taxonomy":"post_tag","embeddable":true,"href":"https:\/\/migracao.redenoticia.com.br\/noticia\/wp-json\/wp\/v2\/tags?post=191589"}],"curies":[{"name":"wp","href":"https:\/\/api.w.org\/{rel}","templated":true}]}}