{"id":19165,"date":"2009-12-03T16:47:24","date_gmt":"2009-12-03T20:47:24","guid":{"rendered":"http:\/\/www.redenoticia.com.br\/noticia\/?p=19165"},"modified":"2009-12-03T16:47:24","modified_gmt":"2009-12-03T20:47:24","slug":"previsao-do-tempo-na-regiao-norte-de-04-a-0612","status":"publish","type":"post","link":"https:\/\/migracao.redenoticia.com.br\/noticia\/2009\/previsao-do-tempo-na-regiao-norte-de-04-a-0612\/19165","title":{"rendered":"Previs\u00e3o do tempo na Regi\u00e3o Norte de 04 a 06\/12"},"content":{"rendered":"<p><em>Previs\u00e3o do tempo na Regi\u00e3o Norte<\/em> em 04\/12\/2009: No norte do PA: sol com nebulosidade vari\u00e1vel e pancadas de chuva. No centro-norte e leste do AP: sol com nebulosidade vari\u00e1vel e pancadas de chuva a partir da tarde. No sul e oeste do AP, no noroeste do PA e em boa parte de RO: sol com nebulosidade vari\u00e1vel. No sul de RO: sol com varia\u00e7\u00e3o de nuvens e possibilidade de pancadas de chuva. Nas demais \u00e1reas da Regi\u00e3o: nublado com pancadas de chuva. As temperaturas seguir\u00e3o est\u00e1veis. Temperatura m\u00e1xima: 38C no norte do PA. Temperatura m\u00ednima: 17C no norte de RR.<\/p>\n<p>Tend\u00eancia: No TO, no sul do PA e do AM e em RO: nublado com pancadas de chuva a qualquer hora do dia. No norte do PA e do AM e no AP: sol com varia\u00e7\u00e3o de nuvens e pancadas isoladas de chuva a partir da tarde. No centro-leste e oeste do PA, em boa parte do AM e no AC: sol com varia\u00e7\u00e3o de nuvens e pancadas isoladas de chuva. No noroeste do PA e no sul e oeste de RR: sol com varia\u00e7\u00e3o de nuvens e possibilidade de pancadas de chuva a partir da tarde. Nas demais \u00e1reas de RR: sol com varia\u00e7\u00e3o de nuvens e possibilidade de pancadas de chuva a qualquer momento. As temperaturas seguir\u00e3o est\u00e1veis. Nos pr\u00f3ximos dois dias o tempo persistir\u00e1 com pancadas de chuva localmente.<\/p>\n<p>O Centro de Previs\u00e3o de Tempo e Estudos Clim\u00e1ticos \u2013 CPTEC, do Instituto Nacional de Pesquisas Espaciais \u2013 INPE \u00e9 o passaporte do Brasil para o primeiro mundo das previs\u00f5es meteorol\u00f3gicas. Os supercomputadores vetoriais SX-6 e SX-4 fabricados pela NEC Corporation do Jap\u00e3o, possuem capacidade de processar at\u00e9 768 bilh\u00f5es e 16 bilh\u00f5es de opera\u00e7\u00f5es aritm\u00e9ticas em ponto flutuante por segundo respectivamente. Recentemente adquirido da \u201cNEC Corporation do Jap\u00e3o\u201d um cluster com 1100 processadores fabricado pela \u201cSUN Microsystem\u201d com a capacidade de processar at\u00e9 5.7 trilh\u00f5es de opera\u00e7\u00f5es aritm\u00e9ticas em ponto flutuante por segundo. Isso significa possibilidade de utilizar modelos num\u00e9ricos para simula\u00e7\u00e3o de tempo e clima, integrando informa\u00e7\u00f5es atmosf\u00e9ricas e oce\u00e2nicas. O resultado disso s\u00e3o previs\u00f5es de tempo confi\u00e1veis, para todo o pa\u00eds.\u00a0<\/p>\n<p>CPTEC\/INPE<\/p>\n","protected":false},"excerpt":{"rendered":"<p>Previs\u00e3o do tempo na Regi\u00e3o Norte em 04\/12\/2009: No norte do PA: sol com nebulosidade vari\u00e1vel e pancadas de chuva. No centro-norte e leste do AP: sol com nebulosidade vari\u00e1vel e pancadas de chuva a partir da tarde. No sul e oeste do AP, no noroeste do PA e em boa parte de RO: sol [&hellip;]<\/p>\n","protected":false},"author":3,"featured_media":0,"comment_status":"open","ping_status":"open","sticky":false,"template":"","format":"standard","meta":{"tdm_status":"","tdm_grid_status":"","footnotes":""},"categories":[327],"tags":[],"class_list":{"0":"post-19165","1":"post","2":"type-post","3":"status-publish","4":"format-standard","6":"category-clima"},"_links":{"self":[{"href":"https:\/\/migracao.redenoticia.com.br\/noticia\/wp-json\/wp\/v2\/posts\/19165","targetHints":{"allow":["GET"]}}],"collection":[{"href":"https:\/\/migracao.redenoticia.com.br\/noticia\/wp-json\/wp\/v2\/posts"}],"about":[{"href":"https:\/\/migracao.redenoticia.com.br\/noticia\/wp-json\/wp\/v2\/types\/post"}],"author":[{"embeddable":true,"href":"https:\/\/migracao.redenoticia.com.br\/noticia\/wp-json\/wp\/v2\/users\/3"}],"replies":[{"embeddable":true,"href":"https:\/\/migracao.redenoticia.com.br\/noticia\/wp-json\/wp\/v2\/comments?post=19165"}],"version-history":[{"count":0,"href":"https:\/\/migracao.redenoticia.com.br\/noticia\/wp-json\/wp\/v2\/posts\/19165\/revisions"}],"wp:attachment":[{"href":"https:\/\/migracao.redenoticia.com.br\/noticia\/wp-json\/wp\/v2\/media?parent=19165"}],"wp:term":[{"taxonomy":"category","embeddable":true,"href":"https:\/\/migracao.redenoticia.com.br\/noticia\/wp-json\/wp\/v2\/categories?post=19165"},{"taxonomy":"post_tag","embeddable":true,"href":"https:\/\/migracao.redenoticia.com.br\/noticia\/wp-json\/wp\/v2\/tags?post=19165"}],"curies":[{"name":"wp","href":"https:\/\/api.w.org\/{rel}","templated":true}]}}