{"id":191684,"date":"2020-04-20T12:23:55","date_gmt":"2020-04-20T15:23:55","guid":{"rendered":"https:\/\/www.redenoticia.com.br\/noticia\/?p=191684"},"modified":"2020-04-20T12:23:55","modified_gmt":"2020-04-20T15:23:55","slug":"resumo-novela-meu-coracao-e-teu-21-04-fernando-ganha-a-custodia-de-diego-nicolas","status":"publish","type":"post","link":"https:\/\/migracao.redenoticia.com.br\/noticia\/2020\/resumo-novela-meu-coracao-e-teu-21-04-fernando-ganha-a-custodia-de-diego-nicolas\/191684","title":{"rendered":"Resumo novela \u201cMeu Cora\u00e7\u00e3o \u00e9 Teu\u201d 21\/04: Fernando ganha a cust\u00f3dia de Diego Nicolas"},"content":{"rendered":"<p><img loading=\"lazy\" decoding=\"async\" src=\"https:\/\/migracao.redenoticia.com.br\/noticia\/imagens\/meu-coracao-e-teu-300x300.jpg\" alt=\"\" width=\"300\" height=\"300\" class=\"aligncenter size-large wp-image-183929\" srcset=\"https:\/\/migracao.redenoticia.com.br\/noticia\/imagens\/meu-coracao-e-teu-300x300.jpg 300w, https:\/\/migracao.redenoticia.com.br\/noticia\/imagens\/meu-coracao-e-teu-187x187.jpg 187w, https:\/\/migracao.redenoticia.com.br\/noticia\/imagens\/meu-coracao-e-teu-150x150.jpg 150w, https:\/\/migracao.redenoticia.com.br\/noticia\/imagens\/meu-coracao-e-teu-140x140.jpg 140w, https:\/\/migracao.redenoticia.com.br\/noticia\/imagens\/meu-coracao-e-teu-85x85.jpg 85w, https:\/\/migracao.redenoticia.com.br\/noticia\/imagens\/meu-coracao-e-teu.jpg 500w\" sizes=\"auto, (max-width: 300px) 100vw, 300px\" \/><\/p>\n<p><strong><em>Resumo da novela \u201cMeu Cora\u00e7\u00e3o \u00e9 Teu\u201d<\/em><\/strong> em 21\/04 no cap\u00edtulo 122(*) da novela, ter\u00e7a-feira, 21 de abril, Johnny e Jennifer se encontram com David e o pedem que realize um exame de DNA para provar que ele realmente \u00e9 o pai biol\u00f3gico de Aura. Realizam o exame e o resultado \u00e9 positivo. David diz que levar\u00e1 Aura com ele. Fernando confronta Isabela com a verdade, e diz que sabe que ele n\u00e3o \u00e9 o pai de Diego Nicolas. Helena visita Edith em sua casa e lhe pergunta quais suas verdadeiras inten\u00e7\u00f5es. Edith responde que ela n\u00e3o quer voltar com Nando. Fernando diz a Isabela que o que ela fez a ele n\u00e3o importa, mas o que fez ao beb\u00ea \u00e9 imperdo\u00e1vel. Fernando se d\u00e1 conta que seu beb\u00ea tem febre.<\/p>\n<p>Diego diz a Ana que tentou seduzir Isabela para averiguar suas mentiras e assim descobriu que Diego Nicolas \u00e9 filho de Henrique. Fernando se disp\u00f5e a levar o beb\u00ea e Isabela responde que se ele o fizer, chamar\u00e1 a pol\u00edcia. Fernando leva a crian\u00e7a assim mesmo e Isabela afirma que matar\u00e1 Diego. Fernando leva Diego Nicolas at\u00e9 \u00c2ngelo para que ele o examine. Sebasti\u00e3o tem alta do hospital. Fernando entra com pedido para ter a guarda de Diego Nicolas. Isabela pede a Arquimedes que infecte o computador de Ana e Fernando, para poder espi\u00e1-los. O advogado comunica Fernando que ele ganhou a cust\u00f3dia de Diego Nicolas. Na \u201cCasa das Mercedes\u201d, David diz a Johnny e a Jennifer que vai levar Aura com ele.<\/p>\n<p>Fernando se pergunta qual ser\u00e1 a boa not\u00edcia que Ana tem para ele. Pablo entra escondido no jardim da mans\u00e3o e chama Alicia. Os \u201cclones\u201d e Luz ouvem. Alicia sai para ver Pablo e as crian\u00e7as a seguem. Pablo finge desmaiar para que Alicia fa\u00e7a respira\u00e7\u00e3o boca a boca, mas Ana chega e ele sai correndo. Isabela recebe a notifica\u00e7\u00e3o de que perdeu a guarda de Diego Nicolas. David chega \u00e0 sua casa e diz a uma mulher que tem uma filha, e planeja lev\u00e1-la para sua casa. Quando a mulher diz que n\u00e3o, ele responde que poder\u00e3o ganhar muito dinheiro com a crian\u00e7a. Ana e Fanny chamam as crian\u00e7as, Diego, Bruno e Manuela, e dizem para que eles descubram as boas not\u00edcias que trazem atrav\u00e9s de um jogo. Jogando, eles descobrem que Ana est\u00e1 gr\u00e1vida e passam a pensar numa maneira divertida de dizer isso a Fernando.<\/p>\n<p>(*) edi\u00e7\u00e3o do SBT, Novela \u201cMeu Cora\u00e7\u00e3o \u00e9 Teu\u201d, sujeito a altera\u00e7\u00e3o de data e conte\u00fado.<\/p>\n<p>Novela \u201cMeu Cora\u00e7\u00e3o \u00e9 Teu\u201d: Ana Leal \u00e9 uma mulher alegre e otimista. Um desastre destr\u00f3i sua casa e Ana perde tudo o que tem. Fernando Lascur\u00e1in, um prestigiado empres\u00e1rio que se lembra com tristeza que h\u00e1 um ano morreu sua esposa. Fernando \u00e9 o pai de sete filhos: Fanny de 19 anos, Nando de 17 anos, Alicia de 14 anos, Sebasti\u00e3o de 11 anos, os g\u00eameos Alex e Guille de 8 anos e a pequena Luz de 4 anos. Estes sete \u201cpequenos\u201d se encarregaram de fazer a vida de dezenas de bab\u00e1s imposs\u00edvel, mas Fernando precisa urgentemente de uma bab\u00e1 que cuide de seus filhos.<\/p>\n<p>As necessidades e a vontade de se superar, levam Ana a buscar outro trabalho. Sua falta de experi\u00eancia, e sua educa\u00e7\u00e3o prec\u00e1ria complicam o processo de ela encontrar um trabalho est\u00e1vel. Mas o destino tem algo preparado a ela: por uma confus\u00e3o, Ana termina chegando \u00e0 mans\u00e3o Lascur\u00e1in sem saber que l\u00e1 encontrar\u00e1 tudo o que sempre sonhou.<\/p>\n","protected":false},"excerpt":{"rendered":"<p>Resumo da novela \u201cMeu Cora\u00e7\u00e3o \u00e9 Teu\u201d em 21\/04 no cap\u00edtulo 122(*) da novela, ter\u00e7a-feira, 21 de abril, Johnny e Jennifer se encontram com David e o pedem que realize um exame de DNA para provar que ele realmente \u00e9 o pai biol\u00f3gico de Aura. Realizam o exame e o resultado \u00e9 positivo. David diz [&hellip;]<\/p>\n","protected":false},"author":4,"featured_media":183928,"comment_status":"closed","ping_status":"closed","sticky":false,"template":"","format":"standard","meta":{"tdm_status":"","tdm_grid_status":"","footnotes":""},"categories":[379,372,343],"tags":[441],"class_list":{"0":"post-191684","1":"post","2":"type-post","3":"status-publish","4":"format-standard","5":"has-post-thumbnail","7":"category-novelas","8":"category-sbt","9":"category-televisao","10":"tag-resumo-do-dia"},"_links":{"self":[{"href":"https:\/\/migracao.redenoticia.com.br\/noticia\/wp-json\/wp\/v2\/posts\/191684","targetHints":{"allow":["GET"]}}],"collection":[{"href":"https:\/\/migracao.redenoticia.com.br\/noticia\/wp-json\/wp\/v2\/posts"}],"about":[{"href":"https:\/\/migracao.redenoticia.com.br\/noticia\/wp-json\/wp\/v2\/types\/post"}],"author":[{"embeddable":true,"href":"https:\/\/migracao.redenoticia.com.br\/noticia\/wp-json\/wp\/v2\/users\/4"}],"replies":[{"embeddable":true,"href":"https:\/\/migracao.redenoticia.com.br\/noticia\/wp-json\/wp\/v2\/comments?post=191684"}],"version-history":[{"count":0,"href":"https:\/\/migracao.redenoticia.com.br\/noticia\/wp-json\/wp\/v2\/posts\/191684\/revisions"}],"wp:featuredmedia":[{"embeddable":true,"href":"https:\/\/migracao.redenoticia.com.br\/noticia\/wp-json\/wp\/v2\/media\/183928"}],"wp:attachment":[{"href":"https:\/\/migracao.redenoticia.com.br\/noticia\/wp-json\/wp\/v2\/media?parent=191684"}],"wp:term":[{"taxonomy":"category","embeddable":true,"href":"https:\/\/migracao.redenoticia.com.br\/noticia\/wp-json\/wp\/v2\/categories?post=191684"},{"taxonomy":"post_tag","embeddable":true,"href":"https:\/\/migracao.redenoticia.com.br\/noticia\/wp-json\/wp\/v2\/tags?post=191684"}],"curies":[{"name":"wp","href":"https:\/\/api.w.org\/{rel}","templated":true}]}}