{"id":191689,"date":"2020-04-20T12:26:44","date_gmt":"2020-04-20T15:26:44","guid":{"rendered":"https:\/\/www.redenoticia.com.br\/noticia\/?p=191689"},"modified":"2020-04-20T12:26:44","modified_gmt":"2020-04-20T15:26:44","slug":"resumo-novela-cumplices-de-um-resgate-21-04-priscila-e-safira-se-abracam-emocionadas","status":"publish","type":"post","link":"https:\/\/migracao.redenoticia.com.br\/noticia\/2020\/resumo-novela-cumplices-de-um-resgate-21-04-priscila-e-safira-se-abracam-emocionadas\/191689","title":{"rendered":"Resumo novela \u201cC\u00famplices de um Resgate\u201d 21\/04: Priscila e Safira se abra\u00e7am emocionadas"},"content":{"rendered":"<p><img loading=\"lazy\" decoding=\"async\" class=\"aligncenter size-large wp-image-164526\" src=\"https:\/\/migracao.redenoticia.com.br\/noticia\/imagens\/cumplices-de-um-resgate-001-316x300.jpg\" alt=\"\" width=\"316\" height=\"300\" srcset=\"https:\/\/migracao.redenoticia.com.br\/noticia\/imagens\/cumplices-de-um-resgate-001-316x300.jpg 316w, https:\/\/migracao.redenoticia.com.br\/noticia\/imagens\/cumplices-de-um-resgate-001-197x187.jpg 197w, https:\/\/migracao.redenoticia.com.br\/noticia\/imagens\/cumplices-de-um-resgate-001-150x143.jpg 150w, https:\/\/migracao.redenoticia.com.br\/noticia\/imagens\/cumplices-de-um-resgate-001.jpg 526w\" sizes=\"auto, (max-width: 316px) 100vw, 316px\" \/><\/p>\n<p><strong><em>Resumo novela \u201cC\u00famplices de um Resgate\u201d 21\/04<\/em><\/strong>: no cap\u00edtulo 338(*) da novela, ter\u00e7a-feira, 21 de abril, Of\u00e9lio descobre o que aconteceu com os irm\u00e3os Vaz para contar para Manuela. Safira pede perd\u00e3o por tudo que n\u00e3o fez para Priscila enquanto m\u00e3e, mas Priscila diz que \u00e9 tarde demais e que n\u00e3o acredita mais nela. Of\u00e9lio conta tudo para Manuela e aconselha ela a continuar a fingir que n\u00e3o sabe de nada. Manuela pensa que a \u00fanica possibilidade deles sa\u00edrem do orfanato era se Flora reaparecesse. Joel reaparece no haras e Omar fica feliz. O homem diz que ir\u00e1 vender o haras e comprar um terreno menor no pr\u00f3prio vilarejo. Ot\u00e1vio diz que est\u00e1 gostando do trabalho de Tomas e que dar\u00e1 a oportunidade dele mostrar que \u00e9 capaz de assumir o cargo que era de Safira. Fortunato tenta conversar com Safira, que chora. Ela desabafa com o pai e diz que tudo est\u00e1 dando errado para ela.<\/p>\n<p>Fortunato aconselha a filha, enquanto Priscila escuta escondida. Ela revela: \u201cAgora eu sei o que voc\u00ea passou comigo\u201d. E ainda passo: \u201cSer rejeitado pela pr\u00f3pria filha \u00e9 uma dor que nunca passa\u201d, diz Fortunato. Os dois se abra\u00e7am emocionados e se desculpam. Joel pro\u00edbe Omar de fazer o teste e parte da C1R. Isabela, que finge ser Manuela, vai com D\u00f3ris e Mateus at\u00e9 a cidade falar com Andr\u00e9 e Lola. T\u00e9o ainda est\u00e1 triste com o que Omar lhe disse sobre Manuela, que na verdade \u00e9 Isabela. Sabrina revela para T\u00e9o que j\u00e1 ouviu Mateus dizer que ela era estranha e que ele concordou, mas que isso j\u00e1 passou. Frederico reclama com Ot\u00e1vio sobre o per\u00edodo de experi\u00eancia dado para Tomas. Priscila diz para Safira que a perdoou. As duas se abra\u00e7am emocionadas.<\/p>\n<p>(*) edi\u00e7\u00e3o do SBT, Novela \u201cC\u00famplices de um Resgate\u201d, sujeito a altera\u00e7\u00e3o de data e conte\u00fado.<\/p>\n<p>\u201cC\u00famplices de um Resgate\u201d &#8211; Duas irm\u00e3s g\u00eameas univitelinas que foram separadas ap\u00f3s nascimento, se reencontram somente ap\u00f3s doze anos. Manuela, uma das g\u00eameas, \u00e9 doce, meiga, gentil, e muito talentosa para a m\u00fasica e tem uma voz encantadora. Vive uma vida feliz no Vilarejo dos Sonhos, onde mora com sua av\u00f3 Nina, sua tia Helena e sua m\u00e3e Rebeca, que d\u00e1 muito amor e carinho a filha por ela nunca ter tido um pai, e ela \u00e9 a m\u00e3e biol\u00f3gica das duas garotas, mas nunca soube que teve g\u00eameas.<\/p>\n","protected":false},"excerpt":{"rendered":"<p>Resumo novela \u201cC\u00famplices de um Resgate\u201d 21\/04: no cap\u00edtulo 338(*) da novela, ter\u00e7a-feira, 21 de abril, Of\u00e9lio descobre o que aconteceu com os irm\u00e3os Vaz para contar para Manuela. Safira pede perd\u00e3o por tudo que n\u00e3o fez para Priscila enquanto m\u00e3e, mas Priscila diz que \u00e9 tarde demais e que n\u00e3o acredita mais nela. Of\u00e9lio [&hellip;]<\/p>\n","protected":false},"author":4,"featured_media":164526,"comment_status":"closed","ping_status":"closed","sticky":false,"template":"","format":"standard","meta":{"tdm_status":"","tdm_grid_status":"","footnotes":""},"categories":[379,372,343],"tags":[441],"class_list":{"0":"post-191689","1":"post","2":"type-post","3":"status-publish","4":"format-standard","5":"has-post-thumbnail","7":"category-novelas","8":"category-sbt","9":"category-televisao","10":"tag-resumo-do-dia"},"_links":{"self":[{"href":"https:\/\/migracao.redenoticia.com.br\/noticia\/wp-json\/wp\/v2\/posts\/191689","targetHints":{"allow":["GET"]}}],"collection":[{"href":"https:\/\/migracao.redenoticia.com.br\/noticia\/wp-json\/wp\/v2\/posts"}],"about":[{"href":"https:\/\/migracao.redenoticia.com.br\/noticia\/wp-json\/wp\/v2\/types\/post"}],"author":[{"embeddable":true,"href":"https:\/\/migracao.redenoticia.com.br\/noticia\/wp-json\/wp\/v2\/users\/4"}],"replies":[{"embeddable":true,"href":"https:\/\/migracao.redenoticia.com.br\/noticia\/wp-json\/wp\/v2\/comments?post=191689"}],"version-history":[{"count":0,"href":"https:\/\/migracao.redenoticia.com.br\/noticia\/wp-json\/wp\/v2\/posts\/191689\/revisions"}],"wp:featuredmedia":[{"embeddable":true,"href":"https:\/\/migracao.redenoticia.com.br\/noticia\/wp-json\/wp\/v2\/media\/164526"}],"wp:attachment":[{"href":"https:\/\/migracao.redenoticia.com.br\/noticia\/wp-json\/wp\/v2\/media?parent=191689"}],"wp:term":[{"taxonomy":"category","embeddable":true,"href":"https:\/\/migracao.redenoticia.com.br\/noticia\/wp-json\/wp\/v2\/categories?post=191689"},{"taxonomy":"post_tag","embeddable":true,"href":"https:\/\/migracao.redenoticia.com.br\/noticia\/wp-json\/wp\/v2\/tags?post=191689"}],"curies":[{"name":"wp","href":"https:\/\/api.w.org\/{rel}","templated":true}]}}