{"id":19169,"date":"2009-12-03T16:53:23","date_gmt":"2009-12-03T20:53:23","guid":{"rendered":"http:\/\/www.redenoticia.com.br\/noticia\/?p=19169"},"modified":"2009-12-05T10:12:31","modified_gmt":"2009-12-05T14:12:31","slug":"previsao-do-tempo-no-vale-do-paraiba-de-04-a-0612","status":"publish","type":"post","link":"https:\/\/migracao.redenoticia.com.br\/noticia\/2009\/previsao-do-tempo-no-vale-do-paraiba-de-04-a-0612\/19169","title":{"rendered":"Previs\u00e3o do tempo no Vale do Para\u00edba de 04 a 06\/12"},"content":{"rendered":"<p>A <em>previs\u00e3o do tempo no Vale do Para\u00edba<\/em>, Litoral Norte e Serra da Mantiqueira indica muitas nuvens e pancadas de chuva na regi\u00e3o.\u00a0Na sexta-feira (04\/12), o dia ser\u00e1 chuvoso em toda regi\u00e3o. Poder\u00e3o ocorrer acumulados significativos de chuva. A temperatura persiste em decl\u00ednio.\u00a0<\/p>\n<p>Tend\u00eancia para os pr\u00f3ximos dias:\u00a0No s\u00e1bado (05\/12), ainda haver\u00e1 muitas nuvens e chuvas fracas e isoladas entre o Vale do Para\u00edba e a Serra da Mantiqueira. No Litoral Norte o dia estar\u00e1 mais fechado e com ocorr\u00eancia de chuva. A temperatura estar\u00e1 amena.<\/p>\n<p>No domingo (06\/12), a nebulosidade estar\u00e1 vari\u00e1vel e ainda poder\u00e1 ocorrer chuva fraca e isolada. A temperatura m\u00e1xima entrar\u00e1 em gradativa eleva\u00e7\u00e3o.<\/p>\n<p>O Centro de Previs\u00e3o de Tempo e Estudos Clim\u00e1ticos \u2013 CPTEC, do Instituto Nacional de Pesquisas Espaciais \u2013 INPE \u00e9 o passaporte do Brasil para o primeiro mundo das previs\u00f5es meteorol\u00f3gicas. Os supercomputadores vetoriais SX-6 e SX-4 fabricados pela NEC Corporation do Jap\u00e3o, possuem capacidade de processar at\u00e9 768 bilh\u00f5es e 16 bilh\u00f5es de opera\u00e7\u00f5es aritm\u00e9ticas em ponto flutuante por segundo respectivamente. Recentemente adquirido da \u201cNEC Corporation do Jap\u00e3o\u201d um cluster com 1100 processadores fabricado pela \u201cSUN Microsystem\u201d com a capacidade de processar at\u00e9 5.7 trilh\u00f5es de opera\u00e7\u00f5es aritm\u00e9ticas em ponto flutuante por segundo. Isso significa possibilidade de utilizar modelos num\u00e9ricos para simula\u00e7\u00e3o de tempo e clima, integrando informa\u00e7\u00f5es atmosf\u00e9ricas e oce\u00e2nicas. O resultado disso s\u00e3o previs\u00f5es de tempo confi\u00e1veis, para todo o pa\u00eds.<\/p>\n<p>CPTEC\/INPE<\/p>\n","protected":false},"excerpt":{"rendered":"<p>A previs\u00e3o do tempo no Vale do Para\u00edba, Litoral Norte e Serra da Mantiqueira indica muitas nuvens e pancadas de chuva na regi\u00e3o.\u00a0Na sexta-feira (04\/12), o dia ser\u00e1 chuvoso em toda regi\u00e3o. Poder\u00e3o ocorrer acumulados significativos de chuva. A temperatura persiste em decl\u00ednio.\u00a0 Tend\u00eancia para os pr\u00f3ximos dias:\u00a0No s\u00e1bado (05\/12), ainda haver\u00e1 muitas nuvens e [&hellip;]<\/p>\n","protected":false},"author":3,"featured_media":0,"comment_status":"open","ping_status":"open","sticky":false,"template":"","format":"standard","meta":{"tdm_status":"","tdm_grid_status":"","footnotes":""},"categories":[327],"tags":[],"class_list":{"0":"post-19169","1":"post","2":"type-post","3":"status-publish","4":"format-standard","6":"category-clima"},"_links":{"self":[{"href":"https:\/\/migracao.redenoticia.com.br\/noticia\/wp-json\/wp\/v2\/posts\/19169","targetHints":{"allow":["GET"]}}],"collection":[{"href":"https:\/\/migracao.redenoticia.com.br\/noticia\/wp-json\/wp\/v2\/posts"}],"about":[{"href":"https:\/\/migracao.redenoticia.com.br\/noticia\/wp-json\/wp\/v2\/types\/post"}],"author":[{"embeddable":true,"href":"https:\/\/migracao.redenoticia.com.br\/noticia\/wp-json\/wp\/v2\/users\/3"}],"replies":[{"embeddable":true,"href":"https:\/\/migracao.redenoticia.com.br\/noticia\/wp-json\/wp\/v2\/comments?post=19169"}],"version-history":[{"count":0,"href":"https:\/\/migracao.redenoticia.com.br\/noticia\/wp-json\/wp\/v2\/posts\/19169\/revisions"}],"wp:attachment":[{"href":"https:\/\/migracao.redenoticia.com.br\/noticia\/wp-json\/wp\/v2\/media?parent=19169"}],"wp:term":[{"taxonomy":"category","embeddable":true,"href":"https:\/\/migracao.redenoticia.com.br\/noticia\/wp-json\/wp\/v2\/categories?post=19169"},{"taxonomy":"post_tag","embeddable":true,"href":"https:\/\/migracao.redenoticia.com.br\/noticia\/wp-json\/wp\/v2\/tags?post=19169"}],"curies":[{"name":"wp","href":"https:\/\/api.w.org\/{rel}","templated":true}]}}