{"id":191692,"date":"2020-04-20T12:32:23","date_gmt":"2020-04-20T15:32:23","guid":{"rendered":"https:\/\/www.redenoticia.com.br\/noticia\/?p=191692"},"modified":"2020-04-20T12:32:23","modified_gmt":"2020-04-20T15:32:23","slug":"resumo-novela-avenida-brasil-21-04-nina-decide-investigar-santiago","status":"publish","type":"post","link":"https:\/\/migracao.redenoticia.com.br\/noticia\/2020\/resumo-novela-avenida-brasil-21-04-nina-decide-investigar-santiago\/191692","title":{"rendered":"Resumo novela \u201cAvenida Brasil\u201d 21\/04: Nina decide investigar Santiago"},"content":{"rendered":"<p><img loading=\"lazy\" decoding=\"async\" src=\"https:\/\/migracao.redenoticia.com.br\/noticia\/imagens\/avenida-brasil-resumo-capitulo-01-348x300.jpg\" alt=\"\" width=\"348\" height=\"300\" class=\"aligncenter size-large wp-image-182543\" srcset=\"https:\/\/migracao.redenoticia.com.br\/noticia\/imagens\/avenida-brasil-resumo-capitulo-01-348x300.jpg 348w, https:\/\/migracao.redenoticia.com.br\/noticia\/imagens\/avenida-brasil-resumo-capitulo-01-217x187.jpg 217w, https:\/\/migracao.redenoticia.com.br\/noticia\/imagens\/avenida-brasil-resumo-capitulo-01-534x462.jpg 534w, https:\/\/migracao.redenoticia.com.br\/noticia\/imagens\/avenida-brasil-resumo-capitulo-01.jpg 590w\" sizes=\"auto, (max-width: 348px) 100vw, 348px\" \/><\/p>\n<p><strong><em>Resumo novela \u201cAvenida Brasil\u201d 21\/04<\/em><\/strong>: no cap\u00edtulo 141(*) da novela, ter\u00e7a-feira, 21 de abril, Jorginho e Nina decidem sondar Nilo sobre os segredos de Lucinda. Carminha afirma que Lucinda \u00e9 inocente e Santiago a intimida. Leleco questiona Muricy sobre a noite em que Max foi assassinado. Santiago e Carminha trocam acusa\u00e7\u00f5es. Santiago visita Lucinda na pris\u00e3o. Lucinda acredita que Carminha foi sequestrada por Nilo quando crian\u00e7a. Tuf\u00e3o conta para a fam\u00edlia que sua arma foi encontrada no lix\u00e3o. Nina e Jorginho descobrem que Santiago est\u00e1 sustentando Nilo. A fam\u00edlia Tuf\u00e3o fica apreensiva quando descobre que Lucinda pode ser inocente. Nina e Jorginho acreditam na inoc\u00eancia de Lucinda.<\/p>\n<p>Di\u00f3genes apresenta Suelen como chefe de torcida do Divino. Darkson muda o visual para agradar Tess\u00e1lia. Alexia e No\u00eamia decidem abandonar Cadinho. Cadinho descobre que est\u00e1 perdendo suas mulheres para Jimmy. Jimmy pede Ver\u00f4nica em namoro. Zez\u00e9 pede desculpas a Nina e conta que Jana\u00edna fugiu. Santiago diz para a fam\u00edlia de Tuf\u00e3o que Lucinda matou a m\u00e3e de Carminha. Nina e Jorginho n\u00e3o caem no jogo de Santiago. Lucinda \u00e9 encarcerada. Carminha amea\u00e7a entregar Santiago para a pol\u00edcia. Nina decide investigar Santiago.<\/p>\n<p>(*) edi\u00e7\u00e3o da Rede Globo, Novela \u201cAvenida Brasil\u201d, sujeito a altera\u00e7\u00e3o de data e conte\u00fado.<\/p>\n<p>&#8220;Avenida Brasil&#8221; conta a hist\u00f3ria de uma jovem que, desde os 11 anos, planeja um acerto de contas com a madrasta. Rita (Mel Maia), \u00f3rf\u00e3 de m\u00e3e, era criada, com muito amor, pelo pai Gen\u00e9sio (Tony Ramos). Tudo muda quando ele se casa com Carmen L\u00facia, a Carminha (Adriana Esteves), uma mulher ambiciosa e dissimulada. Com Gen\u00e9sio, ela se passava por esposa doce e dedicada; com Rita, era uma madrasta m\u00e1.<\/p>\n<p>A menina entra em desespero ao descobrir, ap\u00f3s ouvir uma conversa da madrasta ao telefone, que Carminha est\u00e1 armando um golpe contra seu pai: ele ser\u00e1 abordado na sa\u00edda do banco, logo ap\u00f3s receber o pagamento pela venda da casa onde mora com a filha e a nova esposa. A transa\u00e7\u00e3o \u00e9 ideia de Carminha. Gen\u00e9sio titubeia, afinal a casa \u00e9 heran\u00e7a da falecida esposa, mas decide vender o patrim\u00f4nio para comprar outra casa. Carminha n\u00e3o arquitetou nada sozinha na novela &#8220;Avenida Brasil&#8221;. Cada passo foi acompanhado por Max (Marcello Novaes), seu amante e parceiro em golpes. Tendo ouvido o plano, Rita corre para alertar o pai, mas ele acha que a hist\u00f3ria n\u00e3o passa de implic\u00e2ncia da filha com a madrasta e, aparentemente, n\u00e3o a leva a s\u00e9rio.<\/p>\n","protected":false},"excerpt":{"rendered":"<p>Resumo novela \u201cAvenida Brasil\u201d 21\/04: no cap\u00edtulo 141(*) da novela, ter\u00e7a-feira, 21 de abril, Jorginho e Nina decidem sondar Nilo sobre os segredos de Lucinda. Carminha afirma que Lucinda \u00e9 inocente e Santiago a intimida. Leleco questiona Muricy sobre a noite em que Max foi assassinado. Santiago e Carminha trocam acusa\u00e7\u00f5es. Santiago visita Lucinda na [&hellip;]<\/p>\n","protected":false},"author":4,"featured_media":182544,"comment_status":"closed","ping_status":"closed","sticky":false,"template":"","format":"standard","meta":{"tdm_status":"","tdm_grid_status":"","footnotes":""},"categories":[549,379,375,343],"tags":[441],"class_list":{"0":"post-191692","1":"post","2":"type-post","3":"status-publish","4":"format-standard","5":"has-post-thumbnail","7":"category-avenida-brasil","8":"category-novelas","9":"category-rede-globo","10":"category-televisao","11":"tag-resumo-do-dia"},"_links":{"self":[{"href":"https:\/\/migracao.redenoticia.com.br\/noticia\/wp-json\/wp\/v2\/posts\/191692","targetHints":{"allow":["GET"]}}],"collection":[{"href":"https:\/\/migracao.redenoticia.com.br\/noticia\/wp-json\/wp\/v2\/posts"}],"about":[{"href":"https:\/\/migracao.redenoticia.com.br\/noticia\/wp-json\/wp\/v2\/types\/post"}],"author":[{"embeddable":true,"href":"https:\/\/migracao.redenoticia.com.br\/noticia\/wp-json\/wp\/v2\/users\/4"}],"replies":[{"embeddable":true,"href":"https:\/\/migracao.redenoticia.com.br\/noticia\/wp-json\/wp\/v2\/comments?post=191692"}],"version-history":[{"count":0,"href":"https:\/\/migracao.redenoticia.com.br\/noticia\/wp-json\/wp\/v2\/posts\/191692\/revisions"}],"wp:featuredmedia":[{"embeddable":true,"href":"https:\/\/migracao.redenoticia.com.br\/noticia\/wp-json\/wp\/v2\/media\/182544"}],"wp:attachment":[{"href":"https:\/\/migracao.redenoticia.com.br\/noticia\/wp-json\/wp\/v2\/media?parent=191692"}],"wp:term":[{"taxonomy":"category","embeddable":true,"href":"https:\/\/migracao.redenoticia.com.br\/noticia\/wp-json\/wp\/v2\/categories?post=191692"},{"taxonomy":"post_tag","embeddable":true,"href":"https:\/\/migracao.redenoticia.com.br\/noticia\/wp-json\/wp\/v2\/tags?post=191692"}],"curies":[{"name":"wp","href":"https:\/\/api.w.org\/{rel}","templated":true}]}}