{"id":1917,"date":"2009-05-22T16:40:57","date_gmt":"2009-05-22T20:40:57","guid":{"rendered":"http:\/\/www.redenoticia.com.br\/noticia\/?p=1917"},"modified":"2009-05-22T16:40:57","modified_gmt":"2009-05-22T20:40:57","slug":"rondonia-livre-da-febre-aftosa","status":"publish","type":"post","link":"https:\/\/migracao.redenoticia.com.br\/noticia\/2009\/rondonia-livre-da-febre-aftosa\/1917","title":{"rendered":"Rondonia livre da febre aftosa"},"content":{"rendered":"<p>\u00a0<\/p>\n<div class=\"textoNovo\">\n<div>\n<div>\n<p><a href=\"https:\/\/migracao.redenoticia.com.br\/noticia\/imagens\/\/aftosa.jpg\"><img loading=\"lazy\" decoding=\"async\" class=\"alignleft size-medium wp-image-1916\" title=\"aftosa\" src=\"https:\/\/migracao.redenoticia.com.br\/noticia\/imagens\/\/aftosa-249x187.jpg\" alt=\"aftosa\" width=\"249\" height=\"187\" \/><\/a>O senador Valdir Raupp (PMDB-RO) celebrou, nesta sexta-feira (22), em Plen\u00e1rio, os 10 anos sem febre aftosa no estado de Rond\u00f4nia, resultado de medidas sanit\u00e1rias e vacina\u00e7\u00e3o do rebanho de 11 milh\u00f5es de cabe\u00e7as de gado. O objetivo agora, ressaltou o senador, \u00e9 transformar o estado, nos pr\u00f3ximos dois anos, em \u00e1rea livre de aftosa sem a necessidade de vacinar o rebanho, condi\u00e7\u00e3o conquistada apenas por Santa Catarina.<\/p>\n<p>Ser declarado estado livre da febre aftosa, ressaltou o senador, contribuir\u00e1 para o aumento das exporta\u00e7\u00f5es de carne, uma vez que pa\u00edses como Estados Unidos, Cor\u00e9ia do Sul, R\u00fassia e Jap\u00e3o s\u00f3 compram o produto proveniente de \u00e1reas livres da doen\u00e7a sem a necessidade de vacina\u00e7\u00e3o.<\/p>\n<p>Raupp disse que a agropecu\u00e1ria \u00e9 significativa para a economia de Rond\u00f4nia, pois o estado \u00e9 o quarto maior exportador de carnes do Brasil. O setor representa 40% do Produto Interno Bruto do estado e emprega cerca de 250 mil pessoas em todas as fases da cadeia produtiva. Ele informou que 83 mil produtores rurais rondonienses produzem anualmente 510 mil toneladas de carne e 741 milh\u00f5es de litros de leite.<\/p>\n<p>O senador comunicou que em 2009 ser\u00e3o vacinados 100% do rebanho, em uma campanha que mobiliza centenas de t\u00e9cnicos, autom\u00f3veis e barcos. O governo federal, disse ainda Valdir Raupp, dever\u00e1 liberar recursos para vacinar o rebanho boliviano nas fronteiras com os estados brasileiros, para impedir que a doen\u00e7a atinja o rebanho brasileiro.<\/p><\/div>\n<div><\/div>\n<\/div>\n<\/div>\n","protected":false},"excerpt":{"rendered":"<p>\u00a0 O senador Valdir Raupp (PMDB-RO) celebrou, nesta sexta-feira (22), em Plen\u00e1rio, os 10 anos sem febre aftosa no estado de Rond\u00f4nia, resultado de medidas sanit\u00e1rias e vacina\u00e7\u00e3o do rebanho de 11 milh\u00f5es de cabe\u00e7as de gado. O objetivo agora, ressaltou o senador, \u00e9 transformar o estado, nos pr\u00f3ximos dois anos, em \u00e1rea livre de [&hellip;]<\/p>\n","protected":false},"author":2,"featured_media":0,"comment_status":"open","ping_status":"open","sticky":false,"template":"","format":"standard","meta":{"tdm_status":"","tdm_grid_status":"","footnotes":""},"categories":[22],"tags":[],"class_list":{"0":"post-1917","1":"post","2":"type-post","3":"status-publish","4":"format-standard","6":"category-brasil"},"_links":{"self":[{"href":"https:\/\/migracao.redenoticia.com.br\/noticia\/wp-json\/wp\/v2\/posts\/1917","targetHints":{"allow":["GET"]}}],"collection":[{"href":"https:\/\/migracao.redenoticia.com.br\/noticia\/wp-json\/wp\/v2\/posts"}],"about":[{"href":"https:\/\/migracao.redenoticia.com.br\/noticia\/wp-json\/wp\/v2\/types\/post"}],"author":[{"embeddable":true,"href":"https:\/\/migracao.redenoticia.com.br\/noticia\/wp-json\/wp\/v2\/users\/2"}],"replies":[{"embeddable":true,"href":"https:\/\/migracao.redenoticia.com.br\/noticia\/wp-json\/wp\/v2\/comments?post=1917"}],"version-history":[{"count":0,"href":"https:\/\/migracao.redenoticia.com.br\/noticia\/wp-json\/wp\/v2\/posts\/1917\/revisions"}],"wp:attachment":[{"href":"https:\/\/migracao.redenoticia.com.br\/noticia\/wp-json\/wp\/v2\/media?parent=1917"}],"wp:term":[{"taxonomy":"category","embeddable":true,"href":"https:\/\/migracao.redenoticia.com.br\/noticia\/wp-json\/wp\/v2\/categories?post=1917"},{"taxonomy":"post_tag","embeddable":true,"href":"https:\/\/migracao.redenoticia.com.br\/noticia\/wp-json\/wp\/v2\/tags?post=1917"}],"curies":[{"name":"wp","href":"https:\/\/api.w.org\/{rel}","templated":true}]}}