{"id":19171,"date":"2009-12-03T16:55:55","date_gmt":"2009-12-03T20:55:55","guid":{"rendered":"http:\/\/www.redenoticia.com.br\/noticia\/?p=19171"},"modified":"2009-12-05T10:12:01","modified_gmt":"2009-12-05T14:12:01","slug":"previsao-do-tempo-na-regiao-sul-de-04-a-0612","status":"publish","type":"post","link":"https:\/\/migracao.redenoticia.com.br\/noticia\/2009\/previsao-do-tempo-na-regiao-sul-de-04-a-0612\/19171","title":{"rendered":"Previs\u00e3o do tempo na Regi\u00e3o Sul de 04 a 06\/12"},"content":{"rendered":"<p><em><img loading=\"lazy\" decoding=\"async\" class=\"alignleft size-full wp-image-18116\" title=\"previsao do tempo meteorologia\" src=\"https:\/\/migracao.redenoticia.com.br\/noticia\/imagens\/previsao-do-tempo-meteorologia.jpg\" alt=\"previsao do tempo meteorologia\" width=\"300\" height=\"193\" srcset=\"https:\/\/migracao.redenoticia.com.br\/noticia\/imagens\/previsao-do-tempo-meteorologia.jpg 300w, https:\/\/migracao.redenoticia.com.br\/noticia\/imagens\/previsao-do-tempo-meteorologia-250x160.jpg 250w, https:\/\/migracao.redenoticia.com.br\/noticia\/imagens\/previsao-do-tempo-meteorologia-150x96.jpg 150w\" sizes=\"auto, (max-width: 300px) 100vw, 300px\" \/>Previs\u00e3o do tempo na Regi\u00e3o Sul <\/em>em\u00a004\/12\/2009: No oeste do RS: sol entre poucas nuvens. No sudoeste e norte do RS: sol com nebulosidade vari\u00e1vel. Nas demais \u00e1reas do RS e boa parte de SC: nublado No leste de SC e no sul do PR: nublado com chuva de forma isolada. No leste do PR: nublado com chuva a qualquer momento. Nas demais \u00e1reas do PR: nublado com pancadas de chuva. As temperaturas estar\u00e3o em decl\u00ednio na Regi\u00e3o. Temperatura m\u00e1xima: 28C no oeste do PR. Temperatura m\u00ednima: 10C na Serra Geral.<\/p>\n<p>05\/12\/2009: No leste de SC e do PR: nublado com chuva de forma isolada. No interior leste do PR e de SC: sol entre muitas nuvens. Nas demais \u00e1reas: sol e poucas nuvens. As temperaturas estar\u00e3o amenas na Regi\u00e3o.<\/p>\n<p>Tend\u00eancia: No sul e leste do RS e no sudeste de SC: tempo inst\u00e1vel com chuva. No leste de SC e do PR: nublado com chuva de forma isolada. No oeste do RS: sol com nebulosidade vari\u00e1vel. Nas demais \u00e1reas da Regi\u00e3o: sol entre poucas nuvens. As temperaturas estar\u00e3o em gradativa eleva\u00e7\u00e3o. Na segunda e ter\u00e7a-feira h\u00e1 chance de pancadas de chuva em pontos isolados.<\/p>\n<p>O Centro de Previs\u00e3o de Tempo e Estudos Clim\u00e1ticos \u2013 CPTEC, do Instituto Nacional de Pesquisas Espaciais \u2013 INPE \u00e9 o passaporte do Brasil para o primeiro mundo das previs\u00f5es meteorol\u00f3gicas. Os supercomputadores vetoriais SX-6 e SX-4 fabricados pela NEC Corporation do Jap\u00e3o, possuem capacidade de processar at\u00e9 768 bilh\u00f5es e 16 bilh\u00f5es de opera\u00e7\u00f5es aritm\u00e9ticas em ponto flutuante por segundo respectivamente. Recentemente adquirido da \u201cNEC Corporation do Jap\u00e3o\u201d um cluster com 1100 processadores fabricado pela \u201cSUN Microsystem\u201d com a capacidade de processar at\u00e9 5.7 trilh\u00f5es de opera\u00e7\u00f5es aritm\u00e9ticas em ponto flutuante por segundo. Isso significa possibilidade de utilizar modelos num\u00e9ricos para simula\u00e7\u00e3o de tempo e clima, integrando informa\u00e7\u00f5es atmosf\u00e9ricas e oce\u00e2nicas. O resultado disso s\u00e3o previs\u00f5es de tempo confi\u00e1veis, para todo o pa\u00eds.\u00a0<\/p>\n<p>CPTEC\/INPE<\/p>\n","protected":false},"excerpt":{"rendered":"<p>Previs\u00e3o do tempo na Regi\u00e3o Sul em\u00a004\/12\/2009: No oeste do RS: sol entre poucas nuvens. No sudoeste e norte do RS: sol com nebulosidade vari\u00e1vel. Nas demais \u00e1reas do RS e boa parte de SC: nublado No leste de SC e no sul do PR: nublado com chuva de forma isolada. No leste do PR: [&hellip;]<\/p>\n","protected":false},"author":3,"featured_media":0,"comment_status":"open","ping_status":"open","sticky":false,"template":"","format":"standard","meta":{"tdm_status":"","tdm_grid_status":"","footnotes":""},"categories":[327],"tags":[],"class_list":{"0":"post-19171","1":"post","2":"type-post","3":"status-publish","4":"format-standard","6":"category-clima"},"_links":{"self":[{"href":"https:\/\/migracao.redenoticia.com.br\/noticia\/wp-json\/wp\/v2\/posts\/19171","targetHints":{"allow":["GET"]}}],"collection":[{"href":"https:\/\/migracao.redenoticia.com.br\/noticia\/wp-json\/wp\/v2\/posts"}],"about":[{"href":"https:\/\/migracao.redenoticia.com.br\/noticia\/wp-json\/wp\/v2\/types\/post"}],"author":[{"embeddable":true,"href":"https:\/\/migracao.redenoticia.com.br\/noticia\/wp-json\/wp\/v2\/users\/3"}],"replies":[{"embeddable":true,"href":"https:\/\/migracao.redenoticia.com.br\/noticia\/wp-json\/wp\/v2\/comments?post=19171"}],"version-history":[{"count":0,"href":"https:\/\/migracao.redenoticia.com.br\/noticia\/wp-json\/wp\/v2\/posts\/19171\/revisions"}],"wp:attachment":[{"href":"https:\/\/migracao.redenoticia.com.br\/noticia\/wp-json\/wp\/v2\/media?parent=19171"}],"wp:term":[{"taxonomy":"category","embeddable":true,"href":"https:\/\/migracao.redenoticia.com.br\/noticia\/wp-json\/wp\/v2\/categories?post=19171"},{"taxonomy":"post_tag","embeddable":true,"href":"https:\/\/migracao.redenoticia.com.br\/noticia\/wp-json\/wp\/v2\/tags?post=19171"}],"curies":[{"name":"wp","href":"https:\/\/api.w.org\/{rel}","templated":true}]}}