{"id":191776,"date":"2020-04-22T11:59:24","date_gmt":"2020-04-22T14:59:24","guid":{"rendered":"https:\/\/www.redenoticia.com.br\/noticia\/?p=191776"},"modified":"2020-04-22T11:59:24","modified_gmt":"2020-04-22T14:59:24","slug":"resumo-novela-meu-coracao-e-teu-23-04-ana-e-fernando-se-casam-na-igreja","status":"publish","type":"post","link":"https:\/\/migracao.redenoticia.com.br\/noticia\/2020\/resumo-novela-meu-coracao-e-teu-23-04-ana-e-fernando-se-casam-na-igreja\/191776","title":{"rendered":"Resumo novela \u201cMeu Cora\u00e7\u00e3o \u00e9 Teu\u201d 23\/04: Ana e Fernando se casam na igreja"},"content":{"rendered":"<p><img loading=\"lazy\" decoding=\"async\" src=\"https:\/\/migracao.redenoticia.com.br\/noticia\/imagens\/meu-coracao-e-teu-300x300.jpg\" alt=\"\" width=\"300\" height=\"300\" class=\"aligncenter size-large wp-image-183929\" srcset=\"https:\/\/migracao.redenoticia.com.br\/noticia\/imagens\/meu-coracao-e-teu-300x300.jpg 300w, https:\/\/migracao.redenoticia.com.br\/noticia\/imagens\/meu-coracao-e-teu-187x187.jpg 187w, https:\/\/migracao.redenoticia.com.br\/noticia\/imagens\/meu-coracao-e-teu-150x150.jpg 150w, https:\/\/migracao.redenoticia.com.br\/noticia\/imagens\/meu-coracao-e-teu-140x140.jpg 140w, https:\/\/migracao.redenoticia.com.br\/noticia\/imagens\/meu-coracao-e-teu-85x85.jpg 85w, https:\/\/migracao.redenoticia.com.br\/noticia\/imagens\/meu-coracao-e-teu.jpg 500w\" sizes=\"auto, (max-width: 300px) 100vw, 300px\" \/><\/p>\n<p><strong><em>Resumo da novela \u201cMeu Cora\u00e7\u00e3o \u00e9 Teu\u201d<\/em><\/strong> em 23\/04 no cap\u00edtulo 124(*) da novela, quinta-feira, 23 de abril, Isabela recebe a limousine que supostamente traz Ana, mas se surpreende quando se d\u00e1 conta que seus homens sequestraram a noiva errada. Ana chega a igreja e come\u00e7am a cerim\u00f4nia. Isabela est\u00e1 fora da igreja com uma arma, mas se atrapalha e dispara para cima. Ana e Fernando v\u00eaem o esp\u00edrito de Estef\u00e2nia Lascurain, que os aben\u00e7oa na uni\u00e3o. Isabela decide levar a cabo seu terceiro plano: envenenar o bolo do casamento. Ana e Fernando chegam a recep\u00e7\u00e3o. Laura vai at\u00e9 o casamento para se vingar de Fanny e, quando est\u00e3o frente a frente, Laura amea\u00e7a Fanny com uma navalha. Leon chega e pede aos seguran\u00e7a que tirem Laura do local.<\/p>\n<p>Nando vai falar com Helena e Edith para dizer que ama verdadeiramente a Edith. Ambas dizem que n\u00e3o querem ficar com um rapaz ego\u00edsta que n\u00e3o sabe o que quer. Johnny faz um \u201cjogo\u201d com David, dizendo o que talvez o melhor seja adotar outra crian\u00e7a. Ao se ver sem op\u00e7\u00e3o, ele acaba decidindo dar a cust\u00f3dia da filha a Johnny. Jennifer e Johnny est\u00e3o felizes de por fim serem os pais de Aura. Sebasti\u00e3o trope\u00e7a em um cabo e derruba o bolo de casamento. Quando Arquimedes avisa a Isabela que o plano do \u201cbolo envenenado\u201d falhou, ela fica extremamente furiosa. Todos est\u00e3o muito emocionados pela not\u00edcia da gravidez de Ana. Fernando promete que n\u00e3o a deixar\u00e1 s\u00f3 nem um momento. Helena, Edith e Fanny falam que \u00e9 mais importante uma boa amizade, que ter um namorado.<\/p>\n<p>(*) edi\u00e7\u00e3o do SBT, Novela \u201cMeu Cora\u00e7\u00e3o \u00e9 Teu\u201d, sujeito a altera\u00e7\u00e3o de data e conte\u00fado.<\/p>\n<p>Novela \u201cMeu Cora\u00e7\u00e3o \u00e9 Teu\u201d: Ana Leal \u00e9 uma mulher alegre e otimista. Um desastre destr\u00f3i sua casa e Ana perde tudo o que tem. Fernando Lascur\u00e1in, um prestigiado empres\u00e1rio que se lembra com tristeza que h\u00e1 um ano morreu sua esposa. Fernando \u00e9 o pai de sete filhos: Fanny de 19 anos, Nando de 17 anos, Alicia de 14 anos, Sebasti\u00e3o de 11 anos, os g\u00eameos Alex e Guille de 8 anos e a pequena Luz de 4 anos. Estes sete \u201cpequenos\u201d se encarregaram de fazer a vida de dezenas de bab\u00e1s imposs\u00edvel, mas Fernando precisa urgentemente de uma bab\u00e1 que cuide de seus filhos.<\/p>\n<p>As necessidades e a vontade de se superar, levam Ana a buscar outro trabalho. Sua falta de experi\u00eancia, e sua educa\u00e7\u00e3o prec\u00e1ria complicam o processo de ela encontrar um trabalho est\u00e1vel. Mas o destino tem algo preparado a ela: por uma confus\u00e3o, Ana termina chegando \u00e0 mans\u00e3o Lascur\u00e1in sem saber que l\u00e1 encontrar\u00e1 tudo o que sempre sonhou.<\/p>\n","protected":false},"excerpt":{"rendered":"<p>Resumo da novela \u201cMeu Cora\u00e7\u00e3o \u00e9 Teu\u201d em 23\/04 no cap\u00edtulo 124(*) da novela, quinta-feira, 23 de abril, Isabela recebe a limousine que supostamente traz Ana, mas se surpreende quando se d\u00e1 conta que seus homens sequestraram a noiva errada. Ana chega a igreja e come\u00e7am a cerim\u00f4nia. Isabela est\u00e1 fora da igreja com uma [&hellip;]<\/p>\n","protected":false},"author":4,"featured_media":183928,"comment_status":"closed","ping_status":"closed","sticky":false,"template":"","format":"standard","meta":{"tdm_status":"","tdm_grid_status":"","footnotes":""},"categories":[379,372,343],"tags":[441],"class_list":{"0":"post-191776","1":"post","2":"type-post","3":"status-publish","4":"format-standard","5":"has-post-thumbnail","7":"category-novelas","8":"category-sbt","9":"category-televisao","10":"tag-resumo-do-dia"},"_links":{"self":[{"href":"https:\/\/migracao.redenoticia.com.br\/noticia\/wp-json\/wp\/v2\/posts\/191776","targetHints":{"allow":["GET"]}}],"collection":[{"href":"https:\/\/migracao.redenoticia.com.br\/noticia\/wp-json\/wp\/v2\/posts"}],"about":[{"href":"https:\/\/migracao.redenoticia.com.br\/noticia\/wp-json\/wp\/v2\/types\/post"}],"author":[{"embeddable":true,"href":"https:\/\/migracao.redenoticia.com.br\/noticia\/wp-json\/wp\/v2\/users\/4"}],"replies":[{"embeddable":true,"href":"https:\/\/migracao.redenoticia.com.br\/noticia\/wp-json\/wp\/v2\/comments?post=191776"}],"version-history":[{"count":0,"href":"https:\/\/migracao.redenoticia.com.br\/noticia\/wp-json\/wp\/v2\/posts\/191776\/revisions"}],"wp:featuredmedia":[{"embeddable":true,"href":"https:\/\/migracao.redenoticia.com.br\/noticia\/wp-json\/wp\/v2\/media\/183928"}],"wp:attachment":[{"href":"https:\/\/migracao.redenoticia.com.br\/noticia\/wp-json\/wp\/v2\/media?parent=191776"}],"wp:term":[{"taxonomy":"category","embeddable":true,"href":"https:\/\/migracao.redenoticia.com.br\/noticia\/wp-json\/wp\/v2\/categories?post=191776"},{"taxonomy":"post_tag","embeddable":true,"href":"https:\/\/migracao.redenoticia.com.br\/noticia\/wp-json\/wp\/v2\/tags?post=191776"}],"curies":[{"name":"wp","href":"https:\/\/api.w.org\/{rel}","templated":true}]}}