{"id":191788,"date":"2020-04-22T12:06:39","date_gmt":"2020-04-22T15:06:39","guid":{"rendered":"https:\/\/www.redenoticia.com.br\/noticia\/?p=191788"},"modified":"2020-04-22T12:06:39","modified_gmt":"2020-04-22T15:06:39","slug":"resumo-novela-novo-mundo-23-04-chalaca-afirma-a-dom-pedro-que-o-brasil-esta-falido","status":"publish","type":"post","link":"https:\/\/migracao.redenoticia.com.br\/noticia\/2020\/resumo-novela-novo-mundo-23-04-chalaca-afirma-a-dom-pedro-que-o-brasil-esta-falido\/191788","title":{"rendered":"Resumo novela \u201cNovo Mundo\u201d 23\/04: Chala\u00e7a afirma a Dom Pedro que o Brasil est\u00e1 falido"},"content":{"rendered":"<p><img loading=\"lazy\" decoding=\"async\" src=\"https:\/\/migracao.redenoticia.com.br\/noticia\/imagens\/novo-mundo-reprise-globo-300x300.jpg\" alt=\"\" width=\"300\" height=\"300\" class=\"aligncenter size-large wp-image-190256\" srcset=\"https:\/\/migracao.redenoticia.com.br\/noticia\/imagens\/novo-mundo-reprise-globo-300x300.jpg 300w, https:\/\/migracao.redenoticia.com.br\/noticia\/imagens\/novo-mundo-reprise-globo-187x187.jpg 187w, https:\/\/migracao.redenoticia.com.br\/noticia\/imagens\/novo-mundo-reprise-globo-150x150.jpg 150w, https:\/\/migracao.redenoticia.com.br\/noticia\/imagens\/novo-mundo-reprise-globo-140x140.jpg 140w, https:\/\/migracao.redenoticia.com.br\/noticia\/imagens\/novo-mundo-reprise-globo-85x85.jpg 85w, https:\/\/migracao.redenoticia.com.br\/noticia\/imagens\/novo-mundo-reprise-globo.jpg 600w\" sizes=\"auto, (max-width: 300px) 100vw, 300px\" \/><\/p>\n<p><em><strong>Resumo novela \u201cNovo Mundo\u201d 23\/04<\/strong><\/em>: no cap\u00edtulo 022(*) da novela, quinta-feira, 23 de abril, Cec\u00edlia fala de Lib\u00e9rio para Am\u00e1lia. Diara pede para ser comprada por Sebasti\u00e3o. Chala\u00e7a amea\u00e7a Dulcina para afast\u00e1-la de Dom Pedro. Joaquim se incomoda com o retorno de Ubirajara para a aldeia. Leopoldina tem um mau pressentimento. Dulcina invade o pal\u00e1cio e amea\u00e7a a vida de Avilez, na frente de Dom Pedro. Joaquim tem uma ideia para tentar conter a revolta dos \u00edndios contra Dom Pedro. Chala\u00e7a alerta Pedro sobre a situa\u00e7\u00e3o de S\u00e3o Paulo.<\/p>\n<p>Elvira reconhece Diara entre as pessoas escravizadas e procura Wolfgang. Avilez manda Dulcina de volta para a Europa. Domitila confronta Fel\u00edcio. Dom Pedro convoca uma reuni\u00e3o com os Ministros. Wolfgang tenta resgatar Diara. Peter revela a Cec\u00edlia o motivo do ataque a Lib\u00e9rio. Jacira consegue se juntar aos \u00edndios guerreiros. Chala\u00e7a afirma a Dom Pedro que o Brasil est\u00e1 falido.<\/p>\n<p>(*) edi\u00e7\u00e3o da Rede Globo, Novela \u201cNovo Mundo\u201d, sujeito a altera\u00e7\u00e3o de data e conte\u00fado.<\/p>\n<p>Sinopse \u201cNovo Mundo\u201d: Em 1817 Anna Millman (Isabelle Drummond) \u00e9 uma inglesa que \u00e9 professora de portugu\u00eas que se envolve com o ator luso-brasileiro Joaquim Martinho (Chay Suede). Os dois se conhecem na Europa, mas v\u00eam ao pa\u00eds por causa da uni\u00e3o da futura imperatriz do Brasil com Dom Pedro (Caio Castro). Seus destinos se cruzam ao se encontrarem a bordo do navio que traz a princesa Maria Leopoldina de \u00c1ustria (Let\u00edcia Colin) para o Brasil, j\u00e1 que havia se casado com Dom Pedro por meio de uma procura\u00e7\u00e3o. Os dois iniciam um romance durante a viagem ao Novo Mundo. <\/p>\n","protected":false},"excerpt":{"rendered":"<p>Resumo novela \u201cNovo Mundo\u201d 23\/04: no cap\u00edtulo 022(*) da novela, quinta-feira, 23 de abril, Cec\u00edlia fala de Lib\u00e9rio para Am\u00e1lia. Diara pede para ser comprada por Sebasti\u00e3o. Chala\u00e7a amea\u00e7a Dulcina para afast\u00e1-la de Dom Pedro. Joaquim se incomoda com o retorno de Ubirajara para a aldeia. Leopoldina tem um mau pressentimento. Dulcina invade o pal\u00e1cio [&hellip;]<\/p>\n","protected":false},"author":4,"featured_media":191224,"comment_status":"closed","ping_status":"closed","sticky":false,"template":"","format":"standard","meta":{"tdm_status":"","tdm_grid_status":"","footnotes":""},"categories":[379,557,375,343],"tags":[441],"class_list":{"0":"post-191788","1":"post","2":"type-post","3":"status-publish","4":"format-standard","5":"has-post-thumbnail","7":"category-novelas","8":"category-novo-mundo","9":"category-rede-globo","10":"category-televisao","11":"tag-resumo-do-dia"},"_links":{"self":[{"href":"https:\/\/migracao.redenoticia.com.br\/noticia\/wp-json\/wp\/v2\/posts\/191788","targetHints":{"allow":["GET"]}}],"collection":[{"href":"https:\/\/migracao.redenoticia.com.br\/noticia\/wp-json\/wp\/v2\/posts"}],"about":[{"href":"https:\/\/migracao.redenoticia.com.br\/noticia\/wp-json\/wp\/v2\/types\/post"}],"author":[{"embeddable":true,"href":"https:\/\/migracao.redenoticia.com.br\/noticia\/wp-json\/wp\/v2\/users\/4"}],"replies":[{"embeddable":true,"href":"https:\/\/migracao.redenoticia.com.br\/noticia\/wp-json\/wp\/v2\/comments?post=191788"}],"version-history":[{"count":0,"href":"https:\/\/migracao.redenoticia.com.br\/noticia\/wp-json\/wp\/v2\/posts\/191788\/revisions"}],"wp:featuredmedia":[{"embeddable":true,"href":"https:\/\/migracao.redenoticia.com.br\/noticia\/wp-json\/wp\/v2\/media\/191224"}],"wp:attachment":[{"href":"https:\/\/migracao.redenoticia.com.br\/noticia\/wp-json\/wp\/v2\/media?parent=191788"}],"wp:term":[{"taxonomy":"category","embeddable":true,"href":"https:\/\/migracao.redenoticia.com.br\/noticia\/wp-json\/wp\/v2\/categories?post=191788"},{"taxonomy":"post_tag","embeddable":true,"href":"https:\/\/migracao.redenoticia.com.br\/noticia\/wp-json\/wp\/v2\/tags?post=191788"}],"curies":[{"name":"wp","href":"https:\/\/api.w.org\/{rel}","templated":true}]}}