{"id":191791,"date":"2020-04-22T12:08:14","date_gmt":"2020-04-22T15:08:14","guid":{"rendered":"https:\/\/www.redenoticia.com.br\/noticia\/?p=191791"},"modified":"2020-04-22T12:08:14","modified_gmt":"2020-04-22T15:08:14","slug":"resumo-novela-totalmente-demais-23-04-arthur-expulsa-jonatas-de-sua-casa","status":"publish","type":"post","link":"https:\/\/migracao.redenoticia.com.br\/noticia\/2020\/resumo-novela-totalmente-demais-23-04-arthur-expulsa-jonatas-de-sua-casa\/191791","title":{"rendered":"Resumo novela \u201cTotalmente Demais\u201d 23\/04: Arthur expulsa Jonatas de sua casa"},"content":{"rendered":"<p><img loading=\"lazy\" decoding=\"async\" class=\"aligncenter size-large wp-image-190258\" src=\"https:\/\/migracao.redenoticia.com.br\/noticia\/imagens\/totalmente-demais-reprise-343x300.jpg\" alt=\"\" width=\"343\" height=\"300\" srcset=\"https:\/\/migracao.redenoticia.com.br\/noticia\/imagens\/totalmente-demais-reprise-343x300.jpg 343w, https:\/\/migracao.redenoticia.com.br\/noticia\/imagens\/totalmente-demais-reprise-214x187.jpg 214w, https:\/\/migracao.redenoticia.com.br\/noticia\/imagens\/totalmente-demais-reprise-160x140.jpg 160w, https:\/\/migracao.redenoticia.com.br\/noticia\/imagens\/totalmente-demais-reprise-97x85.jpg 97w, https:\/\/migracao.redenoticia.com.br\/noticia\/imagens\/totalmente-demais-reprise.jpg 594w\" sizes=\"auto, (max-width: 343px) 100vw, 343px\" \/><\/p>\n<p><em><strong>Resumo novela \u201cTotalmente Demais\u201d 23\/04<\/strong><\/em>: no cap\u00edtulo 022(*) da novela, quinta-feira, 23 de abril, Eliza aceita a proposta de Arthur. Jonatas fica perplexo ao saber que Eliza se mudar\u00e1 para a casa de Arthur. Carolina comenta com Pietro que Arthur parece n\u00e3o se importar com sua poss\u00edvel gravidez. Jonatas faz uma surpresa para Eliza.<\/p>\n<p>Eliza e Jonatas se despedem. Bra\u00e7o e Jacar\u00e9 descobrem onde Jonatas mora. Jonatas leva Eliza para a casa de Arthur, para se certificar de que ela ficar\u00e1 bem. Arthur expulsa Jonatas de sua casa, e os dois se enfrentam.<\/p>\n<p>(*) edi\u00e7\u00e3o da Rede Globo, Novela \u201cTotalmente Demais\u201d, sujeito a altera\u00e7\u00e3o de data e conte\u00fado.<\/p>\n<p>Sinopse \u201cTotalmente Demais\u201d: Eliza (Marina Ruy Barbosa) \u00e9 uma jovem de 18 anos que foge de casa, em Campo Claro, cidade fict\u00edcia do interior fluminense, ap\u00f3s ser assediada por parte do seu padrasto Dino (Paulo Rocha). Ela n\u00e3o conheceu o pai, e sua m\u00e3e, Gilda (Leona Cavalli), diz que ele era um caminhoneiro que foi embora nas estradas. O sonho dela \u00e9 conhecer esse pai e tirar a fam\u00edlia da situa\u00e7\u00e3o dif\u00edcil em que vivem. A m\u00e3e se casou com o Dino e teve mais dois filhos.<\/p>\n<p>Quando Eliza era crian\u00e7a, se dava bem com Dino, mas depois que cresceu come\u00e7ou a bater muito de frente com o padrasto. Assim que ela chega ao Rio de Janeiro, ela vai para uma pens\u00e3o, mas \u00e9 roubada. Sem op\u00e7\u00e3o, a jovem passa a morar nas ruas, e conhece Jonatas (Felipe Simas), que vende balas nos sem\u00e1foros da Lapa para ajudar sua fam\u00edlia, que vive na zona oeste da capital fluminense.<\/p>\n","protected":false},"excerpt":{"rendered":"<p>Resumo novela \u201cTotalmente Demais\u201d 23\/04: no cap\u00edtulo 022(*) da novela, quinta-feira, 23 de abril, Eliza aceita a proposta de Arthur. Jonatas fica perplexo ao saber que Eliza se mudar\u00e1 para a casa de Arthur. Carolina comenta com Pietro que Arthur parece n\u00e3o se importar com sua poss\u00edvel gravidez. Jonatas faz uma surpresa para Eliza. Eliza [&hellip;]<\/p>\n","protected":false},"author":4,"featured_media":190259,"comment_status":"closed","ping_status":"closed","sticky":false,"template":"","format":"standard","meta":{"tdm_status":"","tdm_grid_status":"","footnotes":""},"categories":[379,375,343,556],"tags":[441],"class_list":{"0":"post-191791","1":"post","2":"type-post","3":"status-publish","4":"format-standard","5":"has-post-thumbnail","7":"category-novelas","8":"category-rede-globo","9":"category-televisao","10":"category-totalmente-demais","11":"tag-resumo-do-dia"},"_links":{"self":[{"href":"https:\/\/migracao.redenoticia.com.br\/noticia\/wp-json\/wp\/v2\/posts\/191791","targetHints":{"allow":["GET"]}}],"collection":[{"href":"https:\/\/migracao.redenoticia.com.br\/noticia\/wp-json\/wp\/v2\/posts"}],"about":[{"href":"https:\/\/migracao.redenoticia.com.br\/noticia\/wp-json\/wp\/v2\/types\/post"}],"author":[{"embeddable":true,"href":"https:\/\/migracao.redenoticia.com.br\/noticia\/wp-json\/wp\/v2\/users\/4"}],"replies":[{"embeddable":true,"href":"https:\/\/migracao.redenoticia.com.br\/noticia\/wp-json\/wp\/v2\/comments?post=191791"}],"version-history":[{"count":0,"href":"https:\/\/migracao.redenoticia.com.br\/noticia\/wp-json\/wp\/v2\/posts\/191791\/revisions"}],"wp:featuredmedia":[{"embeddable":true,"href":"https:\/\/migracao.redenoticia.com.br\/noticia\/wp-json\/wp\/v2\/media\/190259"}],"wp:attachment":[{"href":"https:\/\/migracao.redenoticia.com.br\/noticia\/wp-json\/wp\/v2\/media?parent=191791"}],"wp:term":[{"taxonomy":"category","embeddable":true,"href":"https:\/\/migracao.redenoticia.com.br\/noticia\/wp-json\/wp\/v2\/categories?post=191791"},{"taxonomy":"post_tag","embeddable":true,"href":"https:\/\/migracao.redenoticia.com.br\/noticia\/wp-json\/wp\/v2\/tags?post=191791"}],"curies":[{"name":"wp","href":"https:\/\/api.w.org\/{rel}","templated":true}]}}