{"id":191793,"date":"2020-04-22T12:09:15","date_gmt":"2020-04-22T15:09:15","guid":{"rendered":"https:\/\/www.redenoticia.com.br\/noticia\/?p=191793"},"modified":"2020-04-22T12:09:15","modified_gmt":"2020-04-22T15:09:15","slug":"resumo-novela-fina-estampa-23-04-griselda-quer-morar-em-frente-a-casa-de-tereza-cristina","status":"publish","type":"post","link":"https:\/\/migracao.redenoticia.com.br\/noticia\/2020\/resumo-novela-fina-estampa-23-04-griselda-quer-morar-em-frente-a-casa-de-tereza-cristina\/191793","title":{"rendered":"Resumo novela \u201cFina Estampa\u201d 23\/04: Griselda quer morar em frente \u00e0 casa de Tereza Cristina"},"content":{"rendered":"<p><img loading=\"lazy\" decoding=\"async\" class=\"aligncenter size-large wp-image-190230\" src=\"https:\/\/migracao.redenoticia.com.br\/noticia\/imagens\/fina-estampa-303x300.jpg\" alt=\"\" width=\"303\" height=\"300\" srcset=\"https:\/\/migracao.redenoticia.com.br\/noticia\/imagens\/fina-estampa-303x300.jpg 303w, https:\/\/migracao.redenoticia.com.br\/noticia\/imagens\/fina-estampa-189x187.jpg 189w, https:\/\/migracao.redenoticia.com.br\/noticia\/imagens\/fina-estampa-768x760.jpg 768w, https:\/\/migracao.redenoticia.com.br\/noticia\/imagens\/fina-estampa-150x150.jpg 150w, https:\/\/migracao.redenoticia.com.br\/noticia\/imagens\/fina-estampa-141x140.jpg 141w, https:\/\/migracao.redenoticia.com.br\/noticia\/imagens\/fina-estampa-86x85.jpg 86w, https:\/\/migracao.redenoticia.com.br\/noticia\/imagens\/fina-estampa-696x689.jpg 696w, https:\/\/migracao.redenoticia.com.br\/noticia\/imagens\/fina-estampa.jpg 800w\" sizes=\"auto, (max-width: 303px) 100vw, 303px\" \/><\/p>\n<p><em><strong>Resumo novela \u201cFina Estampa\u201d 23\/04<\/strong><\/em>: no cap\u00edtulo 028(*) da novela, quinta-feira, 23 de abril, Tereza Cristina diz a Ren\u00ea que passou o Le Velmont para o seu nome. Teodora decide conversar com Griselda. Quinz\u00e9 se desentende com Wallace, que acaba desmaiando. Esther discute com Paulo e desconfia de Marcela. Esther afirma a Paulo que ir\u00e1 se separar dele. Griselda confessa a Celeste que gostaria de morar em uma casa em frente \u00e0 de Tereza Cristina.<\/p>\n<p>Rafael d\u00e1 uma alian\u00e7a de noivado para Am\u00e1lia. Esther marca sua fertiliza\u00e7\u00e3o. Paulo se embriaga, e Ren\u00ea cuida do cunhado. Antenor chega \u00e0 casa de Griselda e pede para participar da comemora\u00e7\u00e3o do noivado de Am\u00e1lia.<\/p>\n<p>(*) edi\u00e7\u00e3o da Rede Globo, Novela \u201cFina Estampa\u201d, sujeito a altera\u00e7\u00e3o de data e conte\u00fado.<\/p>\n<p>Sinopse \u201cFina Estampa\u201d: A vi\u00fava Griselda, conhecida como Pereir\u00e3o, trabalha como faz-tudo para sustentar seus tr\u00eas filhos. J\u00e1 Tereza Cristina \u00e9 uma socialite que acredita ter a vida perfeita. Seus destinos se cruzam por acaso e tudo muda quando Griselda ganha 30 milh\u00f5es.<\/p>\n","protected":false},"excerpt":{"rendered":"<p>Resumo novela \u201cFina Estampa\u201d 23\/04: no cap\u00edtulo 028(*) da novela, quinta-feira, 23 de abril, Tereza Cristina diz a Ren\u00ea que passou o Le Velmont para o seu nome. Teodora decide conversar com Griselda. Quinz\u00e9 se desentende com Wallace, que acaba desmaiando. Esther discute com Paulo e desconfia de Marcela. Esther afirma a Paulo que ir\u00e1 [&hellip;]<\/p>\n","protected":false},"author":4,"featured_media":190232,"comment_status":"closed","ping_status":"closed","sticky":false,"template":"","format":"standard","meta":{"tdm_status":"","tdm_grid_status":"","footnotes":""},"categories":[555,379,375,343],"tags":[441],"class_list":{"0":"post-191793","1":"post","2":"type-post","3":"status-publish","4":"format-standard","5":"has-post-thumbnail","7":"category-fina-estampa","8":"category-novelas","9":"category-rede-globo","10":"category-televisao","11":"tag-resumo-do-dia"},"_links":{"self":[{"href":"https:\/\/migracao.redenoticia.com.br\/noticia\/wp-json\/wp\/v2\/posts\/191793","targetHints":{"allow":["GET"]}}],"collection":[{"href":"https:\/\/migracao.redenoticia.com.br\/noticia\/wp-json\/wp\/v2\/posts"}],"about":[{"href":"https:\/\/migracao.redenoticia.com.br\/noticia\/wp-json\/wp\/v2\/types\/post"}],"author":[{"embeddable":true,"href":"https:\/\/migracao.redenoticia.com.br\/noticia\/wp-json\/wp\/v2\/users\/4"}],"replies":[{"embeddable":true,"href":"https:\/\/migracao.redenoticia.com.br\/noticia\/wp-json\/wp\/v2\/comments?post=191793"}],"version-history":[{"count":0,"href":"https:\/\/migracao.redenoticia.com.br\/noticia\/wp-json\/wp\/v2\/posts\/191793\/revisions"}],"wp:featuredmedia":[{"embeddable":true,"href":"https:\/\/migracao.redenoticia.com.br\/noticia\/wp-json\/wp\/v2\/media\/190232"}],"wp:attachment":[{"href":"https:\/\/migracao.redenoticia.com.br\/noticia\/wp-json\/wp\/v2\/media?parent=191793"}],"wp:term":[{"taxonomy":"category","embeddable":true,"href":"https:\/\/migracao.redenoticia.com.br\/noticia\/wp-json\/wp\/v2\/categories?post=191793"},{"taxonomy":"post_tag","embeddable":true,"href":"https:\/\/migracao.redenoticia.com.br\/noticia\/wp-json\/wp\/v2\/tags?post=191793"}],"curies":[{"name":"wp","href":"https:\/\/api.w.org\/{rel}","templated":true}]}}