{"id":1918,"date":"2009-05-22T22:34:38","date_gmt":"2009-05-23T02:34:38","guid":{"rendered":"http:\/\/www.redenoticia.com.br\/noticia\/?p=1918"},"modified":"2009-05-25T08:54:09","modified_gmt":"2009-05-25T12:54:09","slug":"ji-parana-tera-disputa-de-futsal-entre-23-a-3105","status":"publish","type":"post","link":"https:\/\/migracao.redenoticia.com.br\/noticia\/2009\/ji-parana-tera-disputa-de-futsal-entre-23-a-3105\/1918","title":{"rendered":"Ji-Paran\u00e1 ter\u00e1 disputa de Futsal entre 23 a 31\/05"},"content":{"rendered":"<p><span style=\"font-family: Arial;\">O torneio de futsal dos Jogos Escolares ser\u00e1 disputado nos Gin\u00e1sios Gerivald\u00e3o, Ad\u00e3o Lamota e Jardim dos Migrantes.<\/span><\/p>\n<p class=\"MsoNormal\" style=\"margin-bottom: 3.75pt; text-align: justify; line-height: 15.6pt;\"><span style=\"font-family: Arial;\">Equipes infantil e juvenil, feminino e masculino treinaram desde o in\u00edcio do ano e ainda n\u00e3o h\u00e1 favoritos, embora todos dizem que v\u00e3o surpreender.<\/span><\/p>\n<p class=\"MsoNormal\" style=\"margin-bottom: 3.75pt; text-align: justify; line-height: 15.6pt;\"><span style=\"font-family: Arial;\">Todos os jogos ser\u00e3o no per\u00edodo da manh\u00e3. Vale a pena conferir. <\/span><\/p>\n","protected":false},"excerpt":{"rendered":"<p>O torneio de futsal dos Jogos Escolares ser\u00e1 disputado nos Gin\u00e1sios Gerivald\u00e3o, Ad\u00e3o Lamota e Jardim dos Migrantes. Equipes infantil e juvenil, feminino e masculino treinaram desde o in\u00edcio do ano e ainda n\u00e3o h\u00e1 favoritos, embora todos dizem que v\u00e3o surpreender. Todos os jogos ser\u00e3o no per\u00edodo da manh\u00e3. Vale a pena conferir.<\/p>\n","protected":false},"author":3,"featured_media":0,"comment_status":"open","ping_status":"open","sticky":false,"template":"","format":"standard","meta":{"tdm_status":"","tdm_grid_status":"","footnotes":""},"categories":[22],"tags":[],"class_list":{"0":"post-1918","1":"post","2":"type-post","3":"status-publish","4":"format-standard","6":"category-brasil"},"_links":{"self":[{"href":"https:\/\/migracao.redenoticia.com.br\/noticia\/wp-json\/wp\/v2\/posts\/1918","targetHints":{"allow":["GET"]}}],"collection":[{"href":"https:\/\/migracao.redenoticia.com.br\/noticia\/wp-json\/wp\/v2\/posts"}],"about":[{"href":"https:\/\/migracao.redenoticia.com.br\/noticia\/wp-json\/wp\/v2\/types\/post"}],"author":[{"embeddable":true,"href":"https:\/\/migracao.redenoticia.com.br\/noticia\/wp-json\/wp\/v2\/users\/3"}],"replies":[{"embeddable":true,"href":"https:\/\/migracao.redenoticia.com.br\/noticia\/wp-json\/wp\/v2\/comments?post=1918"}],"version-history":[{"count":0,"href":"https:\/\/migracao.redenoticia.com.br\/noticia\/wp-json\/wp\/v2\/posts\/1918\/revisions"}],"wp:attachment":[{"href":"https:\/\/migracao.redenoticia.com.br\/noticia\/wp-json\/wp\/v2\/media?parent=1918"}],"wp:term":[{"taxonomy":"category","embeddable":true,"href":"https:\/\/migracao.redenoticia.com.br\/noticia\/wp-json\/wp\/v2\/categories?post=1918"},{"taxonomy":"post_tag","embeddable":true,"href":"https:\/\/migracao.redenoticia.com.br\/noticia\/wp-json\/wp\/v2\/tags?post=1918"}],"curies":[{"name":"wp","href":"https:\/\/api.w.org\/{rel}","templated":true}]}}