{"id":191824,"date":"2020-04-23T11:46:57","date_gmt":"2020-04-23T14:46:57","guid":{"rendered":"https:\/\/www.redenoticia.com.br\/noticia\/?p=191824"},"modified":"2020-04-27T16:26:20","modified_gmt":"2020-04-27T19:26:20","slug":"resumo-novela-o-que-a-vida-me-roubou-24-04-graciela-exige-que-jose-se-afaste-de-monserrat","status":"publish","type":"post","link":"https:\/\/migracao.redenoticia.com.br\/noticia\/2020\/resumo-novela-o-que-a-vida-me-roubou-24-04-graciela-exige-que-jose-se-afaste-de-monserrat\/191824","title":{"rendered":"Resumo novela \u201cO Que A Vida Me Roubou\u201d 24\/04: Graciela exige que Jos\u00e9 se afaste de Monserrat"},"content":{"rendered":"<p><img loading=\"lazy\" decoding=\"async\" src=\"https:\/\/migracao.redenoticia.com.br\/noticia\/imagens\/o-que-a-vida-me-roubou-elenco-361x300.jpg\" alt=\"\" width=\"361\" height=\"300\" class=\"aligncenter size-large wp-image-191122\" srcset=\"https:\/\/migracao.redenoticia.com.br\/noticia\/imagens\/o-que-a-vida-me-roubou-elenco-361x300.jpg 361w, https:\/\/migracao.redenoticia.com.br\/noticia\/imagens\/o-que-a-vida-me-roubou-elenco-225x187.jpg 225w, https:\/\/migracao.redenoticia.com.br\/noticia\/imagens\/o-que-a-vida-me-roubou-elenco-168x140.jpg 168w, https:\/\/migracao.redenoticia.com.br\/noticia\/imagens\/o-que-a-vida-me-roubou-elenco-102x85.jpg 102w, https:\/\/migracao.redenoticia.com.br\/noticia\/imagens\/o-que-a-vida-me-roubou-elenco.jpg 693w\" sizes=\"auto, (max-width: 361px) 100vw, 361px\" \/><\/p>\n<p><strong><em>Resumo da novela \u201cO Que A Vida Me Roubou\u201d<\/em><\/strong> em 24\/04: no cap\u00edtulo 005(*) da novela, sexta-feira, 24 de abril, a pol\u00edcia interroga Dem\u00e9trio pela morte de Gamboa, mas Graciela lhe serve de \u00e1libi. Na resid\u00eancia de Alessandro, a pol\u00edcia pergunta se ele tinha algum problema com Gamboa. Alessandro responde que n\u00e3o e se coloca \u00e0 disposi\u00e7\u00e3o para qualquer coisa. Na praia, Jos\u00e9 Luis pede a Monserrat que fujam juntos, j\u00e1 que tem medo que os separem. Ela ent\u00e3o, o pede que v\u00e1 a sua casa conversar com seu pai. Nadia diz a Pedro que deseja ter um filho dele. Ele pede que ela se esque\u00e7a disso. Na fazenda Almonte, Joventino d\u00e1 seu apoio a Maria para que lute pelo amor de Alessandro. Ela monta em um cavalo para ir atr\u00e1s de Alessandro, mas acaba caindo. Joventino diz a Gaspar que Maria foi atr\u00e1s de Alessandro.<\/p>\n<p>Gaspar sai atr\u00e1s da garota em sua caminhonete e a encontra atirada no ch\u00e3o. Ele pede que ela se esque\u00e7a de Alessandro. Em um bar, Dem\u00e9trio exige que Jose Luis se afaste de sua irm\u00e3. Alessandro paga o terreno a Monserrat e ela d\u00e1 todo dinheiro a Jos\u00e9 Luis para que fujam. Nadia pede a Monserrat que se afaste de Jos\u00e9. Alessandro chega \u00e0 resid\u00eancia de Lauro e Monserrat atende a porta pensando ser Jos\u00e9 Luis.<br \/>\nAlessandro entra e a cumprimenta. Lauro o convida para tomar um caf\u00e9. Monserrat sai e discute com Jos\u00e9 Luis. Ele a beija e Graciela exige que Jos\u00e9 se afaste de Monserrat, a levando de volta para dentro. Monserrat expulsa Alessandro. Graciela a repreende e pede que ela seja benevolente com ele, pois s\u00f3 Alessandro pode tir\u00e1-los da situa\u00e7\u00e3o prec\u00e1ria em que vivem.<\/p>\n<p>(*) edi\u00e7\u00e3o do SBT, Novela \u201cO Que A Vida Me Roubou\u201d, sujeito a altera\u00e7\u00e3o de data e conte\u00fado.<\/p>\n<p>Novela \u201cO Que A Vida Me Roubou\u201d: A hist\u00f3ria se passa em \u00c1gua Azul, onde Montserrat vive. Montserrat \u00e9 uma bela jovem socialite que sempre foi dominada por sua m\u00e3e Graziela, cuja \u00fanica preocupa\u00e7\u00e3o \u00e9 o seu elevado estatuto na sociedade, mesmo que a fam\u00edlia esteja financeiramente arruinada. Montserrat, apesar de fazer tudo o que sua m\u00e3e diz-lhe, secretamente mant\u00e9m um relacionamento com Jos\u00e9 Luis da marinha, com quem planeja se casar.<\/p>\n","protected":false},"excerpt":{"rendered":"<p>Resumo da novela \u201cO Que A Vida Me Roubou\u201d em 24\/04: no cap\u00edtulo 005(*) da novela, sexta-feira, 24 de abril, a pol\u00edcia interroga Dem\u00e9trio pela morte de Gamboa, mas Graciela lhe serve de \u00e1libi. Na resid\u00eancia de Alessandro, a pol\u00edcia pergunta se ele tinha algum problema com Gamboa. Alessandro responde que n\u00e3o e se coloca [&hellip;]<\/p>\n","protected":false},"author":4,"featured_media":191123,"comment_status":"closed","ping_status":"closed","sticky":false,"template":"","format":"standard","meta":{"tdm_status":"","tdm_grid_status":"","footnotes":""},"categories":[379,372,343],"tags":[441],"class_list":{"0":"post-191824","1":"post","2":"type-post","3":"status-publish","4":"format-standard","5":"has-post-thumbnail","7":"category-novelas","8":"category-sbt","9":"category-televisao","10":"tag-resumo-do-dia"},"_links":{"self":[{"href":"https:\/\/migracao.redenoticia.com.br\/noticia\/wp-json\/wp\/v2\/posts\/191824","targetHints":{"allow":["GET"]}}],"collection":[{"href":"https:\/\/migracao.redenoticia.com.br\/noticia\/wp-json\/wp\/v2\/posts"}],"about":[{"href":"https:\/\/migracao.redenoticia.com.br\/noticia\/wp-json\/wp\/v2\/types\/post"}],"author":[{"embeddable":true,"href":"https:\/\/migracao.redenoticia.com.br\/noticia\/wp-json\/wp\/v2\/users\/4"}],"replies":[{"embeddable":true,"href":"https:\/\/migracao.redenoticia.com.br\/noticia\/wp-json\/wp\/v2\/comments?post=191824"}],"version-history":[{"count":0,"href":"https:\/\/migracao.redenoticia.com.br\/noticia\/wp-json\/wp\/v2\/posts\/191824\/revisions"}],"wp:featuredmedia":[{"embeddable":true,"href":"https:\/\/migracao.redenoticia.com.br\/noticia\/wp-json\/wp\/v2\/media\/191123"}],"wp:attachment":[{"href":"https:\/\/migracao.redenoticia.com.br\/noticia\/wp-json\/wp\/v2\/media?parent=191824"}],"wp:term":[{"taxonomy":"category","embeddable":true,"href":"https:\/\/migracao.redenoticia.com.br\/noticia\/wp-json\/wp\/v2\/categories?post=191824"},{"taxonomy":"post_tag","embeddable":true,"href":"https:\/\/migracao.redenoticia.com.br\/noticia\/wp-json\/wp\/v2\/tags?post=191824"}],"curies":[{"name":"wp","href":"https:\/\/api.w.org\/{rel}","templated":true}]}}