{"id":191826,"date":"2020-04-23T11:48:01","date_gmt":"2020-04-23T14:48:01","guid":{"rendered":"https:\/\/www.redenoticia.com.br\/noticia\/?p=191826"},"modified":"2020-04-23T11:48:01","modified_gmt":"2020-04-23T14:48:01","slug":"resumo-novela-meu-coracao-e-teu-24-04-nascem-as-filhas-gemeas-de-ana-e-fernando","status":"publish","type":"post","link":"https:\/\/migracao.redenoticia.com.br\/noticia\/2020\/resumo-novela-meu-coracao-e-teu-24-04-nascem-as-filhas-gemeas-de-ana-e-fernando\/191826","title":{"rendered":"Resumo novela \u201cMeu Cora\u00e7\u00e3o \u00e9 Teu\u201d 24\/04: Nascem as filhas g\u00eameas de Ana e Fernando"},"content":{"rendered":"<p><img loading=\"lazy\" decoding=\"async\" src=\"https:\/\/migracao.redenoticia.com.br\/noticia\/imagens\/meu-coracao-e-teu-300x300.jpg\" alt=\"\" width=\"300\" height=\"300\" class=\"aligncenter size-large wp-image-183929\" srcset=\"https:\/\/migracao.redenoticia.com.br\/noticia\/imagens\/meu-coracao-e-teu-300x300.jpg 300w, https:\/\/migracao.redenoticia.com.br\/noticia\/imagens\/meu-coracao-e-teu-187x187.jpg 187w, https:\/\/migracao.redenoticia.com.br\/noticia\/imagens\/meu-coracao-e-teu-150x150.jpg 150w, https:\/\/migracao.redenoticia.com.br\/noticia\/imagens\/meu-coracao-e-teu-140x140.jpg 140w, https:\/\/migracao.redenoticia.com.br\/noticia\/imagens\/meu-coracao-e-teu-85x85.jpg 85w, https:\/\/migracao.redenoticia.com.br\/noticia\/imagens\/meu-coracao-e-teu.jpg 500w\" sizes=\"auto, (max-width: 300px) 100vw, 300px\" \/><\/p>\n<p><strong><em>Resumo da novela \u201cMeu Cora\u00e7\u00e3o \u00e9 Teu\u201d<\/em><\/strong> em 24\/04 no cap\u00edtulo 125(*) da novela, sexta-feira, 24 de abril, Nando fala com Diego e diz que daquele momento em diante focar\u00e1 s\u00f3 na carreira e vai estudar muito. Diego o responde que quer buscar uma esposa e ter filhos. Fernando tem que fazer uma viagem de emerg\u00eancia e Isabela descobre, come\u00e7ando em seguida a planejar algo novo contra Fernando e Ana. Isabela vai ver Fernando em um hotel e o faz dormir com um spray. Ana come\u00e7a a ter contra\u00e7\u00f5es e precisa ir a um hospital. Diego a leva e Fanny fica incumbida de avisar Fernando, mas n\u00e3o consegue se comunicar com ele. Isabela atende o celular de Fernando e diz que ele est\u00e1 com ela em um quarto de hotel. Fernando acorda e descobre que Ana est\u00e1 em trabalho de parto. Ele sai em disparada at\u00e9 o hospital.<\/p>\n<p>Ana n\u00e3o quer ter o beb\u00ea at\u00e9 que Fernando esteja com ela. Fernando acaba chegando a tempo de ver nascer suas filhas g\u00eameas. Organizam o batizado dos beb\u00eas em um campo de futebol, onde os convidados s\u00e3o todas as testemunhas do amor entre Fernando e Ana. Leon aproveita para pedir a Fanny que, em algum momento do futuro, se case com ele. Ela aceita. Isabela est\u00e1 entre o p\u00fablico, mas a descobrem. Isabela consegue escapar, mas ainda planeja roubar as g\u00eameas, e assim acabar com a alegria de Fernando e Ana. Isabela se esconde nos bastidores para procurar as g\u00eameas, a megera se disfar\u00e7a para conseguir lev\u00e1-las, mas n\u00e3o consegue. Durante sua tentativa, ela acaba pensando em sequestrar Sete e consegue lev\u00e1-lo.<\/p>\n<p>Leon pede Fanny em casamento e ela aceita. As crian\u00e7as sentem falta de Sete, at\u00e9 que recebem uma liga\u00e7\u00e3o de resgate de Isabela. Isabela marca um encontro com a fam\u00edlia Lascurain num bosque, eles fazem uma armadilha para ela e a megera acaba caindo num buraco cheio de lama. Os Lascurain recuperam Sete. O tempo passa e descobrimos que Isabela engordou, faliu e est\u00e1 completamente sozinha. Ela visita os Lascurain e ganha o perd\u00e3o deles. Isabela trabalha num zool\u00f3gico recolhendo a sujeira dos animais. Arquimedes rouba o dinheiro de Isabela cobrando tudo o que lhe devia. Ana e Fernando imaginam seu futuro em 40 anos e para sempre e se d\u00e3o conta de que formaram uma fam\u00edlia muito feliz.<\/p>\n<p>(*) edi\u00e7\u00e3o do SBT, Novela \u201cMeu Cora\u00e7\u00e3o \u00e9 Teu\u201d, sujeito a altera\u00e7\u00e3o de data e conte\u00fado.<\/p>\n<p>Novela \u201cMeu Cora\u00e7\u00e3o \u00e9 Teu\u201d: Ana Leal \u00e9 uma mulher alegre e otimista. Um desastre destr\u00f3i sua casa e Ana perde tudo o que tem. Fernando Lascur\u00e1in, um prestigiado empres\u00e1rio que se lembra com tristeza que h\u00e1 um ano morreu sua esposa. Fernando \u00e9 o pai de sete filhos: Fanny de 19 anos, Nando de 17 anos, Alicia de 14 anos, Sebasti\u00e3o de 11 anos, os g\u00eameos Alex e Guille de 8 anos e a pequena Luz de 4 anos. Estes sete \u201cpequenos\u201d se encarregaram de fazer a vida de dezenas de bab\u00e1s imposs\u00edvel, mas Fernando precisa urgentemente de uma bab\u00e1 que cuide de seus filhos.<\/p>\n<p>As necessidades e a vontade de se superar, levam Ana a buscar outro trabalho. Sua falta de experi\u00eancia, e sua educa\u00e7\u00e3o prec\u00e1ria complicam o processo de ela encontrar um trabalho est\u00e1vel. Mas o destino tem algo preparado a ela: por uma confus\u00e3o, Ana termina chegando \u00e0 mans\u00e3o Lascur\u00e1in sem saber que l\u00e1 encontrar\u00e1 tudo o que sempre sonhou.<\/p>\n","protected":false},"excerpt":{"rendered":"<p>Resumo da novela \u201cMeu Cora\u00e7\u00e3o \u00e9 Teu\u201d em 24\/04 no cap\u00edtulo 125(*) da novela, sexta-feira, 24 de abril, Nando fala com Diego e diz que daquele momento em diante focar\u00e1 s\u00f3 na carreira e vai estudar muito. Diego o responde que quer buscar uma esposa e ter filhos. Fernando tem que fazer uma viagem de [&hellip;]<\/p>\n","protected":false},"author":4,"featured_media":183928,"comment_status":"closed","ping_status":"closed","sticky":false,"template":"","format":"standard","meta":{"tdm_status":"","tdm_grid_status":"","footnotes":""},"categories":[379,372,343],"tags":[441],"class_list":{"0":"post-191826","1":"post","2":"type-post","3":"status-publish","4":"format-standard","5":"has-post-thumbnail","7":"category-novelas","8":"category-sbt","9":"category-televisao","10":"tag-resumo-do-dia"},"_links":{"self":[{"href":"https:\/\/migracao.redenoticia.com.br\/noticia\/wp-json\/wp\/v2\/posts\/191826","targetHints":{"allow":["GET"]}}],"collection":[{"href":"https:\/\/migracao.redenoticia.com.br\/noticia\/wp-json\/wp\/v2\/posts"}],"about":[{"href":"https:\/\/migracao.redenoticia.com.br\/noticia\/wp-json\/wp\/v2\/types\/post"}],"author":[{"embeddable":true,"href":"https:\/\/migracao.redenoticia.com.br\/noticia\/wp-json\/wp\/v2\/users\/4"}],"replies":[{"embeddable":true,"href":"https:\/\/migracao.redenoticia.com.br\/noticia\/wp-json\/wp\/v2\/comments?post=191826"}],"version-history":[{"count":0,"href":"https:\/\/migracao.redenoticia.com.br\/noticia\/wp-json\/wp\/v2\/posts\/191826\/revisions"}],"wp:featuredmedia":[{"embeddable":true,"href":"https:\/\/migracao.redenoticia.com.br\/noticia\/wp-json\/wp\/v2\/media\/183928"}],"wp:attachment":[{"href":"https:\/\/migracao.redenoticia.com.br\/noticia\/wp-json\/wp\/v2\/media?parent=191826"}],"wp:term":[{"taxonomy":"category","embeddable":true,"href":"https:\/\/migracao.redenoticia.com.br\/noticia\/wp-json\/wp\/v2\/categories?post=191826"},{"taxonomy":"post_tag","embeddable":true,"href":"https:\/\/migracao.redenoticia.com.br\/noticia\/wp-json\/wp\/v2\/tags?post=191826"}],"curies":[{"name":"wp","href":"https:\/\/api.w.org\/{rel}","templated":true}]}}