{"id":191842,"date":"2020-04-23T11:54:44","date_gmt":"2020-04-23T14:54:44","guid":{"rendered":"https:\/\/www.redenoticia.com.br\/noticia\/?p=191842"},"modified":"2020-04-23T11:54:44","modified_gmt":"2020-04-23T14:54:44","slug":"resumo-novela-totalmente-demais-24-04-eliza-ouve-jacare-ameacar-jonatas","status":"publish","type":"post","link":"https:\/\/migracao.redenoticia.com.br\/noticia\/2020\/resumo-novela-totalmente-demais-24-04-eliza-ouve-jacare-ameacar-jonatas\/191842","title":{"rendered":"Resumo novela \u201cTotalmente Demais\u201d 24\/04: Eliza ouve Jacar\u00e9 amea\u00e7ar Jonatas"},"content":{"rendered":"<p><img loading=\"lazy\" decoding=\"async\" class=\"aligncenter size-large wp-image-190258\" src=\"https:\/\/migracao.redenoticia.com.br\/noticia\/imagens\/totalmente-demais-reprise-343x300.jpg\" alt=\"\" width=\"343\" height=\"300\" srcset=\"https:\/\/migracao.redenoticia.com.br\/noticia\/imagens\/totalmente-demais-reprise-343x300.jpg 343w, https:\/\/migracao.redenoticia.com.br\/noticia\/imagens\/totalmente-demais-reprise-214x187.jpg 214w, https:\/\/migracao.redenoticia.com.br\/noticia\/imagens\/totalmente-demais-reprise-160x140.jpg 160w, https:\/\/migracao.redenoticia.com.br\/noticia\/imagens\/totalmente-demais-reprise-97x85.jpg 97w, https:\/\/migracao.redenoticia.com.br\/noticia\/imagens\/totalmente-demais-reprise.jpg 594w\" sizes=\"auto, (max-width: 343px) 100vw, 343px\" \/><\/p>\n<p><em><strong>Resumo novela \u201cTotalmente Demais\u201d 24\/04<\/strong><\/em>: no cap\u00edtulo 023(*) da novela, sexta-feira, 24 de abril, Aparecida garante a Jonatas que cuidar\u00e1 de Eliza. Arthur diz a Eliza que Max lhe comprar\u00e1 novas roupas. Jacar\u00e9 e seu bando destroem os pertences de Jonatas e roubam seu dinheiro. Germano repreende Jonatas por seu atraso no trabalho, mas Fabinho o ajuda.<\/p>\n<p>Arthur consegue tirar boas fotos de Eliza com o apoio de Natasha. Natasha aceita o convite de Arthur para ser uma das juradas do concurso. Ros\u00e2ngela cede \u00e0 sedu\u00e7\u00e3o de Florisval. Durante um telefonema, Eliza ouve Jacar\u00e9 amea\u00e7ar Jonatas.<\/p>\n<p>(*) edi\u00e7\u00e3o da Rede Globo, Novela \u201cTotalmente Demais\u201d, sujeito a altera\u00e7\u00e3o de data e conte\u00fado.<\/p>\n<p>Sinopse \u201cTotalmente Demais\u201d: Eliza (Marina Ruy Barbosa) \u00e9 uma jovem de 18 anos que foge de casa, em Campo Claro, cidade fict\u00edcia do interior fluminense, ap\u00f3s ser assediada por parte do seu padrasto Dino (Paulo Rocha). Ela n\u00e3o conheceu o pai, e sua m\u00e3e, Gilda (Leona Cavalli), diz que ele era um caminhoneiro que foi embora nas estradas. O sonho dela \u00e9 conhecer esse pai e tirar a fam\u00edlia da situa\u00e7\u00e3o dif\u00edcil em que vivem. A m\u00e3e se casou com o Dino e teve mais dois filhos.<\/p>\n<p>Quando Eliza era crian\u00e7a, se dava bem com Dino, mas depois que cresceu come\u00e7ou a bater muito de frente com o padrasto. Assim que ela chega ao Rio de Janeiro, ela vai para uma pens\u00e3o, mas \u00e9 roubada. Sem op\u00e7\u00e3o, a jovem passa a morar nas ruas, e conhece Jonatas (Felipe Simas), que vende balas nos sem\u00e1foros da Lapa para ajudar sua fam\u00edlia, que vive na zona oeste da capital fluminense.<\/p>\n","protected":false},"excerpt":{"rendered":"<p>Resumo novela \u201cTotalmente Demais\u201d 24\/04: no cap\u00edtulo 023(*) da novela, sexta-feira, 24 de abril, Aparecida garante a Jonatas que cuidar\u00e1 de Eliza. Arthur diz a Eliza que Max lhe comprar\u00e1 novas roupas. Jacar\u00e9 e seu bando destroem os pertences de Jonatas e roubam seu dinheiro. Germano repreende Jonatas por seu atraso no trabalho, mas Fabinho [&hellip;]<\/p>\n","protected":false},"author":4,"featured_media":190259,"comment_status":"closed","ping_status":"closed","sticky":false,"template":"","format":"standard","meta":{"tdm_status":"","tdm_grid_status":"","footnotes":""},"categories":[379,375,343,556],"tags":[441],"class_list":{"0":"post-191842","1":"post","2":"type-post","3":"status-publish","4":"format-standard","5":"has-post-thumbnail","7":"category-novelas","8":"category-rede-globo","9":"category-televisao","10":"category-totalmente-demais","11":"tag-resumo-do-dia"},"_links":{"self":[{"href":"https:\/\/migracao.redenoticia.com.br\/noticia\/wp-json\/wp\/v2\/posts\/191842","targetHints":{"allow":["GET"]}}],"collection":[{"href":"https:\/\/migracao.redenoticia.com.br\/noticia\/wp-json\/wp\/v2\/posts"}],"about":[{"href":"https:\/\/migracao.redenoticia.com.br\/noticia\/wp-json\/wp\/v2\/types\/post"}],"author":[{"embeddable":true,"href":"https:\/\/migracao.redenoticia.com.br\/noticia\/wp-json\/wp\/v2\/users\/4"}],"replies":[{"embeddable":true,"href":"https:\/\/migracao.redenoticia.com.br\/noticia\/wp-json\/wp\/v2\/comments?post=191842"}],"version-history":[{"count":0,"href":"https:\/\/migracao.redenoticia.com.br\/noticia\/wp-json\/wp\/v2\/posts\/191842\/revisions"}],"wp:featuredmedia":[{"embeddable":true,"href":"https:\/\/migracao.redenoticia.com.br\/noticia\/wp-json\/wp\/v2\/media\/190259"}],"wp:attachment":[{"href":"https:\/\/migracao.redenoticia.com.br\/noticia\/wp-json\/wp\/v2\/media?parent=191842"}],"wp:term":[{"taxonomy":"category","embeddable":true,"href":"https:\/\/migracao.redenoticia.com.br\/noticia\/wp-json\/wp\/v2\/categories?post=191842"},{"taxonomy":"post_tag","embeddable":true,"href":"https:\/\/migracao.redenoticia.com.br\/noticia\/wp-json\/wp\/v2\/tags?post=191842"}],"curies":[{"name":"wp","href":"https:\/\/api.w.org\/{rel}","templated":true}]}}