{"id":191937,"date":"2020-04-26T21:40:52","date_gmt":"2020-04-27T00:40:52","guid":{"rendered":"https:\/\/www.redenoticia.com.br\/noticia\/?p=191937"},"modified":"2020-04-26T21:40:52","modified_gmt":"2020-04-27T00:40:52","slug":"resumo-novela-o-que-a-vida-me-roubou-27-04-montserrat-se-entrega-a-jose-luis","status":"publish","type":"post","link":"https:\/\/migracao.redenoticia.com.br\/noticia\/2020\/resumo-novela-o-que-a-vida-me-roubou-27-04-montserrat-se-entrega-a-jose-luis\/191937","title":{"rendered":"Resumo novela \u201cO Que A Vida Me Roubou\u201d 27\/04: Montserrat se entrega a Jos\u00e9 Lu\u00eds"},"content":{"rendered":"<p> <img loading=\"lazy\" decoding=\"async\" class=\"aligncenter size-large wp-image-191122\" src=\"https:\/\/migracao.redenoticia.com.br\/noticia\/imagens\/o-que-a-vida-me-roubou-elenco-361x300.jpg\" alt=\"\" width=\"361\" height=\"300\" srcset=\"https:\/\/migracao.redenoticia.com.br\/noticia\/imagens\/o-que-a-vida-me-roubou-elenco-361x300.jpg 361w, https:\/\/migracao.redenoticia.com.br\/noticia\/imagens\/o-que-a-vida-me-roubou-elenco-225x187.jpg 225w, https:\/\/migracao.redenoticia.com.br\/noticia\/imagens\/o-que-a-vida-me-roubou-elenco-168x140.jpg 168w, https:\/\/migracao.redenoticia.com.br\/noticia\/imagens\/o-que-a-vida-me-roubou-elenco-102x85.jpg 102w, https:\/\/migracao.redenoticia.com.br\/noticia\/imagens\/o-que-a-vida-me-roubou-elenco.jpg 693w\" sizes=\"auto, (max-width: 361px) 100vw, 361px\" \/><\/p>\n<p><strong><em>Resumo da novela \u201cO Que A Vida Me Roubou\u201d<\/em><\/strong> em 27\/04: no cap\u00edtulo 006(*) da novela, segunda-feira, 27 de abril, Graciela explica a Montserrat que ela precisa se casar com um homem rico porque est\u00e3o muito mal economicamente. Montserrat responde que se casar\u00e1 com Jos\u00e9 Luis. Graciela rejeita a ideia de Montserrat e diz que seu pai est\u00e1 com problemas de press\u00e3o e n\u00e3o pode sofrer nenhuma forte emo\u00e7\u00e3o. Montserrat sai correndo e encontra seu pai desmaiado. Ela chama o doutor, que identifica que o senhor teve um pr\u00e9-infarto. Lauro, preocupado, pede a Graciela que o d\u00ea as escrituras da resid\u00eancia para hipotecar a fazenda. Jos\u00e9 Luis, preocupado, espera Montserrat na praia, mas ela n\u00e3o chega. Maria liga para Alessandro da fazenda para lhe dizer que caiu do cavalo e que sente sua falta. Ele responde que tem tido muito trabalho e n\u00e3o poder\u00e1 ir at\u00e9 a fazenda, mas pede para que ela o mantenha informado sobre sua sa\u00fade. Gaspar pede a Maria que se esque\u00e7a dele para sempre e ela se zanga.<\/p>\n<p>Joventino presenteia Dominga com uma pulseira, mas ela n\u00e3o a aceita, pois sabe que depois ele ir\u00e1 cobrar o presente. Nadia visita Montserrat em sua casa e a pede que entregue uma carta a Jos\u00e9 Luis. Nadia convida Graciela e sua fam\u00edlia para uma festa que oferecer\u00e1, j\u00e1 que Pedro ser\u00e1 o prefeito municipal. Graciela se desculpa e diz que n\u00e3o poder\u00e1 ir, pois seu esposo est\u00e1 enfermo. Jos\u00e9 Luis chega \u00e0 casa de Nadia e est\u00e1 a ponto de receber a carta, mas Pedro a destr\u00f3i. Nadia chora e explica que a carta era de Montserrat. Furioso, ele grita que isso servir\u00e1 de li\u00e7\u00e3o para ela jamais voltar a engan\u00e1-lo. Graciela visita Alessandro e pede que ele empreste dinheiro para a hipoteca de sua fazenda, pois Lauro est\u00e1 doente. Alessandro responde que sente muito por Lauro, mas ele s\u00f3 ajudar\u00e1 a fam\u00edlia ap\u00f3s se casar com Montserrat. Ele aceita fazer um empr\u00e9stimo em troca das escrituras da resid\u00eancia. Jose Luis chega para buscar Montserrat em sua casa e ela sai correndo. Eles v\u00e3o at\u00e9 o local onde se costumam se encontrar e Montserrat se entrega a ele.<\/p>\n<p>(*) edi\u00e7\u00e3o do SBT, Novela \u201cO Que A Vida Me Roubou\u201d, sujeito a altera\u00e7\u00e3o de data e conte\u00fado.<\/p>\n<p>Novela \u201cO Que A Vida Me Roubou\u201d: A hist\u00f3ria se passa em \u00c1gua Azul, onde Montserrat vive. Montserrat \u00e9 uma bela jovem socialite que sempre foi dominada por sua m\u00e3e Graziela, cuja \u00fanica preocupa\u00e7\u00e3o \u00e9 o seu elevado estatuto na sociedade, mesmo que a fam\u00edlia esteja financeiramente arruinada. Montserrat, apesar de fazer tudo o que sua m\u00e3e diz-lhe, secretamente mant\u00e9m um relacionamento com Jos\u00e9 Luis da marinha, com quem planeja se casar.<\/p>\n","protected":false},"excerpt":{"rendered":"<p>Resumo da novela \u201cO Que A Vida Me Roubou\u201d em 27\/04: no cap\u00edtulo 006(*) da novela, segunda-feira, 27 de abril, Graciela explica a Montserrat que ela precisa se casar com um homem rico porque est\u00e3o muito mal economicamente. Montserrat responde que se casar\u00e1 com Jos\u00e9 Luis. Graciela rejeita a ideia de Montserrat e diz que [&hellip;]<\/p>\n","protected":false},"author":2,"featured_media":191123,"comment_status":"closed","ping_status":"closed","sticky":false,"template":"","format":"standard","meta":{"tdm_status":"","tdm_grid_status":"","footnotes":""},"categories":[379,372,343],"tags":[441],"class_list":{"0":"post-191937","1":"post","2":"type-post","3":"status-publish","4":"format-standard","5":"has-post-thumbnail","7":"category-novelas","8":"category-sbt","9":"category-televisao","10":"tag-resumo-do-dia"},"_links":{"self":[{"href":"https:\/\/migracao.redenoticia.com.br\/noticia\/wp-json\/wp\/v2\/posts\/191937","targetHints":{"allow":["GET"]}}],"collection":[{"href":"https:\/\/migracao.redenoticia.com.br\/noticia\/wp-json\/wp\/v2\/posts"}],"about":[{"href":"https:\/\/migracao.redenoticia.com.br\/noticia\/wp-json\/wp\/v2\/types\/post"}],"author":[{"embeddable":true,"href":"https:\/\/migracao.redenoticia.com.br\/noticia\/wp-json\/wp\/v2\/users\/2"}],"replies":[{"embeddable":true,"href":"https:\/\/migracao.redenoticia.com.br\/noticia\/wp-json\/wp\/v2\/comments?post=191937"}],"version-history":[{"count":0,"href":"https:\/\/migracao.redenoticia.com.br\/noticia\/wp-json\/wp\/v2\/posts\/191937\/revisions"}],"wp:featuredmedia":[{"embeddable":true,"href":"https:\/\/migracao.redenoticia.com.br\/noticia\/wp-json\/wp\/v2\/media\/191123"}],"wp:attachment":[{"href":"https:\/\/migracao.redenoticia.com.br\/noticia\/wp-json\/wp\/v2\/media?parent=191937"}],"wp:term":[{"taxonomy":"category","embeddable":true,"href":"https:\/\/migracao.redenoticia.com.br\/noticia\/wp-json\/wp\/v2\/categories?post=191937"},{"taxonomy":"post_tag","embeddable":true,"href":"https:\/\/migracao.redenoticia.com.br\/noticia\/wp-json\/wp\/v2\/tags?post=191937"}],"curies":[{"name":"wp","href":"https:\/\/api.w.org\/{rel}","templated":true}]}}