{"id":191942,"date":"2020-04-26T21:44:55","date_gmt":"2020-04-27T00:44:55","guid":{"rendered":"https:\/\/www.redenoticia.com.br\/noticia\/?p=191942"},"modified":"2020-04-26T21:44:55","modified_gmt":"2020-04-27T00:44:55","slug":"resumo-novela-cumplices-de-um-resgate-27-04-priscila-visita-orfanato","status":"publish","type":"post","link":"https:\/\/migracao.redenoticia.com.br\/noticia\/2020\/resumo-novela-cumplices-de-um-resgate-27-04-priscila-visita-orfanato\/191942","title":{"rendered":"Resumo novela \u201cC\u00famplices de um Resgate\u201d 27\/04: Priscila visita Orfanato"},"content":{"rendered":"<p> <img loading=\"lazy\" decoding=\"async\" class=\"aligncenter size-large wp-image-164526\" src=\"https:\/\/migracao.redenoticia.com.br\/noticia\/imagens\/cumplices-de-um-resgate-001-316x300.jpg\" alt=\"\" width=\"316\" height=\"300\" srcset=\"https:\/\/migracao.redenoticia.com.br\/noticia\/imagens\/cumplices-de-um-resgate-001-316x300.jpg 316w, https:\/\/migracao.redenoticia.com.br\/noticia\/imagens\/cumplices-de-um-resgate-001-197x187.jpg 197w, https:\/\/migracao.redenoticia.com.br\/noticia\/imagens\/cumplices-de-um-resgate-001-150x143.jpg 150w, https:\/\/migracao.redenoticia.com.br\/noticia\/imagens\/cumplices-de-um-resgate-001.jpg 526w\" sizes=\"auto, (max-width: 316px) 100vw, 316px\" \/><\/p>\n<p><strong><em>Resumo novela \u201cC\u00famplices de um Resgate\u201d 27\/04<\/em><\/strong>: no cap\u00edtulo 342(*) da novela, segunda-feira, 27 de abril, Sandro diz para Navarro e Vargas que ningu\u00e9m mais mexe com Manuela. Flora entra no quarto aonde est\u00e3o seus sobrinhos e diz que ningu\u00e9m pode adot\u00e1-las. Omar pega o cachorro Manteiguinha e T\u00e9o pensa que o cachorro fugiu. Regina coloca Navarro para cuidar de Manuela no lugar de Sandro. Isabela, que finge se Manuela, diz para Rebeca que ela cuidou bem dela. Priscila visita Joaquim e Felipe no Orfanato.<\/p>\n<p>Manteiguinha segue preso em uma \u00e1rvore no haras. Priscila vai atr\u00e1s de Regina e cobra que ela tire as crian\u00e7as do orfanato. Regina diz que a culpada \u00e9 ela. Luiz cobra o cavalo Dourado pelo acordo que fez com Omar. Ta\u00edsa pede para Tomas promover ela para seu antigo cargo. Tomas aceita desde que ela aceite ser sua aliada. Ta\u00edsa concorda com a imposi\u00e7\u00e3o. T\u00e9o cai em um buraco de bueiro e um outro cachorro que lembra Manteiguinha tenta conseguir algu\u00e9m que ajude o garoto.<\/p>\n<p>(*) edi\u00e7\u00e3o do SBT, Novela \u201cC\u00famplices de um Resgate\u201d, sujeito a altera\u00e7\u00e3o de data e conte\u00fado.<\/p>\n<p>\u201cC\u00famplices de um Resgate\u201d &#8211; Duas irm\u00e3s g\u00eameas univitelinas que foram separadas ap\u00f3s nascimento, se reencontram somente ap\u00f3s doze anos. Manuela, uma das g\u00eameas, \u00e9 doce, meiga, gentil, e muito talentosa para a m\u00fasica e tem uma voz encantadora. Vive uma vida feliz no Vilarejo dos Sonhos, onde mora com sua av\u00f3 Nina, sua tia Helena e sua m\u00e3e Rebeca, que d\u00e1 muito amor e carinho a filha por ela nunca ter tido um pai, e ela \u00e9 a m\u00e3e biol\u00f3gica das duas garotas, mas nunca soube que teve g\u00eameas.<\/p>\n","protected":false},"excerpt":{"rendered":"<p>Resumo novela \u201cC\u00famplices de um Resgate\u201d 27\/04: no cap\u00edtulo 342(*) da novela, segunda-feira, 27 de abril, Sandro diz para Navarro e Vargas que ningu\u00e9m mais mexe com Manuela. Flora entra no quarto aonde est\u00e3o seus sobrinhos e diz que ningu\u00e9m pode adot\u00e1-las. Omar pega o cachorro Manteiguinha e T\u00e9o pensa que o cachorro fugiu. Regina [&hellip;]<\/p>\n","protected":false},"author":2,"featured_media":164525,"comment_status":"closed","ping_status":"closed","sticky":false,"template":"","format":"standard","meta":{"tdm_status":"","tdm_grid_status":"","footnotes":""},"categories":[379,372,343],"tags":[441],"class_list":{"0":"post-191942","1":"post","2":"type-post","3":"status-publish","4":"format-standard","5":"has-post-thumbnail","7":"category-novelas","8":"category-sbt","9":"category-televisao","10":"tag-resumo-do-dia"},"_links":{"self":[{"href":"https:\/\/migracao.redenoticia.com.br\/noticia\/wp-json\/wp\/v2\/posts\/191942","targetHints":{"allow":["GET"]}}],"collection":[{"href":"https:\/\/migracao.redenoticia.com.br\/noticia\/wp-json\/wp\/v2\/posts"}],"about":[{"href":"https:\/\/migracao.redenoticia.com.br\/noticia\/wp-json\/wp\/v2\/types\/post"}],"author":[{"embeddable":true,"href":"https:\/\/migracao.redenoticia.com.br\/noticia\/wp-json\/wp\/v2\/users\/2"}],"replies":[{"embeddable":true,"href":"https:\/\/migracao.redenoticia.com.br\/noticia\/wp-json\/wp\/v2\/comments?post=191942"}],"version-history":[{"count":0,"href":"https:\/\/migracao.redenoticia.com.br\/noticia\/wp-json\/wp\/v2\/posts\/191942\/revisions"}],"wp:featuredmedia":[{"embeddable":true,"href":"https:\/\/migracao.redenoticia.com.br\/noticia\/wp-json\/wp\/v2\/media\/164525"}],"wp:attachment":[{"href":"https:\/\/migracao.redenoticia.com.br\/noticia\/wp-json\/wp\/v2\/media?parent=191942"}],"wp:term":[{"taxonomy":"category","embeddable":true,"href":"https:\/\/migracao.redenoticia.com.br\/noticia\/wp-json\/wp\/v2\/categories?post=191942"},{"taxonomy":"post_tag","embeddable":true,"href":"https:\/\/migracao.redenoticia.com.br\/noticia\/wp-json\/wp\/v2\/tags?post=191942"}],"curies":[{"name":"wp","href":"https:\/\/api.w.org\/{rel}","templated":true}]}}