{"id":191958,"date":"2020-04-27T13:25:48","date_gmt":"2020-04-27T16:25:48","guid":{"rendered":"https:\/\/www.redenoticia.com.br\/noticia\/?p=191958"},"modified":"2020-04-27T13:26:28","modified_gmt":"2020-04-27T16:26:28","slug":"resumo-novela-betty-a-feia-em-nova-york-28-04-betty-ve-marcela-beijar-ricardo","status":"publish","type":"post","link":"https:\/\/migracao.redenoticia.com.br\/noticia\/2020\/resumo-novela-betty-a-feia-em-nova-york-28-04-betty-ve-marcela-beijar-ricardo\/191958","title":{"rendered":"Resumo novela \u201cBetty, a Feia em Nova York\u201d 28\/04: Betty v\u00ea Marcela beijar Ricardo"},"content":{"rendered":"<p><img loading=\"lazy\" decoding=\"async\" src=\"https:\/\/migracao.redenoticia.com.br\/noticia\/imagens\/betty-ny-sbt-400x225.jpg\" alt=\"\" width=\"400\" height=\"225\" class=\"aligncenter size-large wp-image-187571\" srcset=\"https:\/\/migracao.redenoticia.com.br\/noticia\/imagens\/betty-ny-sbt-400x225.jpg 400w, https:\/\/migracao.redenoticia.com.br\/noticia\/imagens\/betty-ny-sbt-250x140.jpg 250w, https:\/\/migracao.redenoticia.com.br\/noticia\/imagens\/betty-ny-sbt-768x432.jpg 768w, https:\/\/migracao.redenoticia.com.br\/noticia\/imagens\/betty-ny-sbt-150x85.jpg 150w, https:\/\/migracao.redenoticia.com.br\/noticia\/imagens\/betty-ny-sbt-696x392.jpg 696w, https:\/\/migracao.redenoticia.com.br\/noticia\/imagens\/betty-ny-sbt.jpg 1280w\" sizes=\"auto, (max-width: 400px) 100vw, 400px\" \/><\/p>\n<p><em><strong>Resumo novela \u201cBetty, a Feia em Nova York\u201d 28\/04<\/strong><\/em>: no cap\u00edtulo 067(*) da novela, ter\u00e7a-feira, 28 de abril, Marcela volta para a V&#038;M decidida a n\u00e3o cair em tenta\u00e7\u00e3o mas acaba beijando apaixonadamente o melhor amigo de Armando, e n\u00e3o percebe que Betty est\u00e1 vendo tudo. Duas semanas depois, Bertha volta \u00e0 empresa depois de se submeter a uma cirurgia bari\u00e1trica.<\/p>\n<p>Armando se re\u00fane com Anderson, que est\u00e1 interessado na nova cole\u00e7\u00e3o da V&#038;M e descobre que Mata trabalha para ele por recomenda\u00e7\u00e3o de Daniel. Inesita confidencia a Mariana que est\u00e1 desconfiada de Romina.<\/p>\n<p>(*) edi\u00e7\u00e3o da Rede Globo, Novela \u201cBetty, a Feia em Nova York\u201d, sujeito a altera\u00e7\u00e3o de data e conte\u00fado.<\/p>\n<p>Sinopse \u201cBetty, a Feia em Nova York\u201d: A historia gira entorno a Betty (Elyfer Torres), uma jovem mexicana inteligente e capaz que vive em Nova York na busca pelos sonhos superando os preju\u00edzos onde a imagem \u00e9 tudo. Depois de seis meses rejeitada e demitida de todos os trabalhos em raz\u00e3o da falta de atrativo f\u00edsico, Betty decide aceitar um trabalho muito abaixo de suas capacidades.Depois de ingressar na empresa V&#038;M Fashion, vira secret\u00e1ria pessoal do presidente da companhia.<\/p>\n<p>Apesar de ser ridicularizada e humilhada pela falta de estilo Betty est\u00e1 mais que disposta a n\u00e3o ser derrotada nesta implac\u00e1vel guerra de apar\u00eancias.Se no lado pessoal Betty \u00e9 exatamente competente e tem grandes planos para o crescimento pessoal, as suas poucas qualidades poder\u00e1 ajudar Betty a encontrar o verdadeiro amor.<\/p>\n","protected":false},"excerpt":{"rendered":"<p>Resumo novela \u201cBetty, a Feia em Nova York\u201d 28\/04: no cap\u00edtulo 067(*) da novela, ter\u00e7a-feira, 28 de abril, Marcela volta para a V&#038;M decidida a n\u00e3o cair em tenta\u00e7\u00e3o mas acaba beijando apaixonadamente o melhor amigo de Armando, e n\u00e3o percebe que Betty est\u00e1 vendo tudo. Duas semanas depois, Bertha volta \u00e0 empresa depois de [&hellip;]<\/p>\n","protected":false},"author":4,"featured_media":187571,"comment_status":"closed","ping_status":"closed","sticky":false,"template":"","format":"standard","meta":{"tdm_status":"","tdm_grid_status":"","footnotes":""},"categories":[379,372,343],"tags":[441],"class_list":{"0":"post-191958","1":"post","2":"type-post","3":"status-publish","4":"format-standard","5":"has-post-thumbnail","7":"category-novelas","8":"category-sbt","9":"category-televisao","10":"tag-resumo-do-dia"},"_links":{"self":[{"href":"https:\/\/migracao.redenoticia.com.br\/noticia\/wp-json\/wp\/v2\/posts\/191958","targetHints":{"allow":["GET"]}}],"collection":[{"href":"https:\/\/migracao.redenoticia.com.br\/noticia\/wp-json\/wp\/v2\/posts"}],"about":[{"href":"https:\/\/migracao.redenoticia.com.br\/noticia\/wp-json\/wp\/v2\/types\/post"}],"author":[{"embeddable":true,"href":"https:\/\/migracao.redenoticia.com.br\/noticia\/wp-json\/wp\/v2\/users\/4"}],"replies":[{"embeddable":true,"href":"https:\/\/migracao.redenoticia.com.br\/noticia\/wp-json\/wp\/v2\/comments?post=191958"}],"version-history":[{"count":0,"href":"https:\/\/migracao.redenoticia.com.br\/noticia\/wp-json\/wp\/v2\/posts\/191958\/revisions"}],"wp:featuredmedia":[{"embeddable":true,"href":"https:\/\/migracao.redenoticia.com.br\/noticia\/wp-json\/wp\/v2\/media\/187571"}],"wp:attachment":[{"href":"https:\/\/migracao.redenoticia.com.br\/noticia\/wp-json\/wp\/v2\/media?parent=191958"}],"wp:term":[{"taxonomy":"category","embeddable":true,"href":"https:\/\/migracao.redenoticia.com.br\/noticia\/wp-json\/wp\/v2\/categories?post=191958"},{"taxonomy":"post_tag","embeddable":true,"href":"https:\/\/migracao.redenoticia.com.br\/noticia\/wp-json\/wp\/v2\/tags?post=191958"}],"curies":[{"name":"wp","href":"https:\/\/api.w.org\/{rel}","templated":true}]}}