{"id":191967,"date":"2020-04-27T17:08:14","date_gmt":"2020-04-27T20:08:14","guid":{"rendered":"https:\/\/www.redenoticia.com.br\/noticia\/?p=191967"},"modified":"2020-04-27T18:28:42","modified_gmt":"2020-04-27T21:28:42","slug":"resumo-novela-eta-mundo-bom-28-04-candinho-chega-a-sao-paulo-com-policarpo","status":"publish","type":"post","link":"https:\/\/migracao.redenoticia.com.br\/noticia\/2020\/resumo-novela-eta-mundo-bom-28-04-candinho-chega-a-sao-paulo-com-policarpo\/191967","title":{"rendered":"Resumo novela \u201cEta Mundo Bom\u201d 28\/04: Candinho chega a S\u00e3o Paulo com Policarpo"},"content":{"rendered":"<p><img loading=\"lazy\" decoding=\"async\" class=\"aligncenter size-large wp-image-191974\" src=\"https:\/\/migracao.redenoticia.com.br\/noticia\/imagens\/eta-mundo-bom-personagens-299x300.jpg\" alt=\"\" width=\"299\" height=\"300\" srcset=\"https:\/\/migracao.redenoticia.com.br\/noticia\/imagens\/eta-mundo-bom-personagens-299x300.jpg 299w, https:\/\/migracao.redenoticia.com.br\/noticia\/imagens\/eta-mundo-bom-personagens-186x187.jpg 186w, https:\/\/migracao.redenoticia.com.br\/noticia\/imagens\/eta-mundo-bom-personagens-150x150.jpg 150w, https:\/\/migracao.redenoticia.com.br\/noticia\/imagens\/eta-mundo-bom-personagens-139x140.jpg 139w, https:\/\/migracao.redenoticia.com.br\/noticia\/imagens\/eta-mundo-bom-personagens-85x85.jpg 85w, https:\/\/migracao.redenoticia.com.br\/noticia\/imagens\/eta-mundo-bom-personagens.jpg 506w\" sizes=\"auto, (max-width: 299px) 100vw, 299px\" \/><\/p>\n<p><strong><em>Resumo novela \u201cEta Mundo Bom\u201d 28\/04<\/em><\/strong>: no cap\u00edtulo 002(*) da novela, ter\u00e7a-feira, 28 de abril, Candinho chega a S\u00e3o Paulo com o burro Policarpo e conhece Pirulito. Cunegundes exige que Filomena se case com Josias. Filomena descobre que Candinho est\u00e1 em S\u00e3o Paulo. Ernesto se aproxima de Filomena. Candinho e Pirulito se hospedam na pens\u00e3o de Cam\u00e9lia. Anast\u00e1cia confessa a Sandra e Celso que teve um filho antes de se casar com Bento.<\/p>\n<p>Sandra e Celso temem perder a heran\u00e7a do tio e planejam encontrar Candinho antes de Anast\u00e1cia. Candinho conhece Maria na pens\u00e3o. Cam\u00e9lia desconfia da rela\u00e7\u00e3o de Leandro e Maria. Ernesto se declara para Filomena e a convence a fugir com ele.<\/p>\n<p>(*) edi\u00e7\u00e3o da Rede Globo, Novela \u201cEta Mundo Bom\u201d, sujeito a altera\u00e7\u00e3o de data e conte\u00fado.<\/p>\n<p>&#8220;Eta Mundo Bom&#8221; \u00e9 ambientada em 1948. A trama conta a hist\u00f3ria de Candinho (S\u00e9rgio Guiz\u00e9), que foi separado da m\u00e3e logo ap\u00f3s seu nascimento e foi acolhido pelo casal Cunegundes (Elizabeth Savalla) e Quinzinho (Ary Fontoura), donos da decadente fazenda Dom Pedro II, perto da cidade fict\u00edcia de Piracema, por volta dos anos 20.<\/p>\n","protected":false},"excerpt":{"rendered":"<p>Resumo novela \u201cEta Mundo Bom\u201d 28\/04: no cap\u00edtulo 002(*) da novela, ter\u00e7a-feira, 28 de abril, Candinho chega a S\u00e3o Paulo com o burro Policarpo e conhece Pirulito. Cunegundes exige que Filomena se case com Josias. Filomena descobre que Candinho est\u00e1 em S\u00e3o Paulo. Ernesto se aproxima de Filomena. Candinho e Pirulito se hospedam na pens\u00e3o [&hellip;]<\/p>\n","protected":false},"author":2,"featured_media":191973,"comment_status":"closed","ping_status":"closed","sticky":false,"template":"","format":"standard","meta":{"tdm_status":"","tdm_grid_status":"","footnotes":""},"categories":[558,379,375,343],"tags":[441],"class_list":{"0":"post-191967","1":"post","2":"type-post","3":"status-publish","4":"format-standard","5":"has-post-thumbnail","7":"category-eta-mundo-bom","8":"category-novelas","9":"category-rede-globo","10":"category-televisao","11":"tag-resumo-do-dia"},"_links":{"self":[{"href":"https:\/\/migracao.redenoticia.com.br\/noticia\/wp-json\/wp\/v2\/posts\/191967","targetHints":{"allow":["GET"]}}],"collection":[{"href":"https:\/\/migracao.redenoticia.com.br\/noticia\/wp-json\/wp\/v2\/posts"}],"about":[{"href":"https:\/\/migracao.redenoticia.com.br\/noticia\/wp-json\/wp\/v2\/types\/post"}],"author":[{"embeddable":true,"href":"https:\/\/migracao.redenoticia.com.br\/noticia\/wp-json\/wp\/v2\/users\/2"}],"replies":[{"embeddable":true,"href":"https:\/\/migracao.redenoticia.com.br\/noticia\/wp-json\/wp\/v2\/comments?post=191967"}],"version-history":[{"count":0,"href":"https:\/\/migracao.redenoticia.com.br\/noticia\/wp-json\/wp\/v2\/posts\/191967\/revisions"}],"wp:featuredmedia":[{"embeddable":true,"href":"https:\/\/migracao.redenoticia.com.br\/noticia\/wp-json\/wp\/v2\/media\/191973"}],"wp:attachment":[{"href":"https:\/\/migracao.redenoticia.com.br\/noticia\/wp-json\/wp\/v2\/media?parent=191967"}],"wp:term":[{"taxonomy":"category","embeddable":true,"href":"https:\/\/migracao.redenoticia.com.br\/noticia\/wp-json\/wp\/v2\/categories?post=191967"},{"taxonomy":"post_tag","embeddable":true,"href":"https:\/\/migracao.redenoticia.com.br\/noticia\/wp-json\/wp\/v2\/tags?post=191967"}],"curies":[{"name":"wp","href":"https:\/\/api.w.org\/{rel}","templated":true}]}}