{"id":192014,"date":"2020-04-28T19:31:12","date_gmt":"2020-04-28T22:31:12","guid":{"rendered":"https:\/\/www.redenoticia.com.br\/noticia\/?p=192014"},"modified":"2020-04-28T19:31:12","modified_gmt":"2020-04-28T22:31:12","slug":"resumo-novela-o-que-a-vida-me-roubou-29-04-montserrat-descobre-ex-de-jose-luis","status":"publish","type":"post","link":"https:\/\/migracao.redenoticia.com.br\/noticia\/2020\/resumo-novela-o-que-a-vida-me-roubou-29-04-montserrat-descobre-ex-de-jose-luis\/192014","title":{"rendered":"Resumo novela \u201cO Que A Vida Me Roubou\u201d 29\/04: Montserrat descobre ex de Jos\u00e9 Lu\u00eds"},"content":{"rendered":"<p> <img loading=\"lazy\" decoding=\"async\" class=\"aligncenter size-large wp-image-191122\" src=\"https:\/\/migracao.redenoticia.com.br\/noticia\/imagens\/o-que-a-vida-me-roubou-elenco-361x300.jpg\" alt=\"\" width=\"361\" height=\"300\" srcset=\"https:\/\/migracao.redenoticia.com.br\/noticia\/imagens\/o-que-a-vida-me-roubou-elenco-361x300.jpg 361w, https:\/\/migracao.redenoticia.com.br\/noticia\/imagens\/o-que-a-vida-me-roubou-elenco-225x187.jpg 225w, https:\/\/migracao.redenoticia.com.br\/noticia\/imagens\/o-que-a-vida-me-roubou-elenco-168x140.jpg 168w, https:\/\/migracao.redenoticia.com.br\/noticia\/imagens\/o-que-a-vida-me-roubou-elenco-102x85.jpg 102w, https:\/\/migracao.redenoticia.com.br\/noticia\/imagens\/o-que-a-vida-me-roubou-elenco.jpg 693w\" sizes=\"auto, (max-width: 361px) 100vw, 361px\" \/><\/p>\n<p><strong><em>Resumo da novela \u201cO Que A Vida Me Roubou\u201d<\/em><\/strong> em 29\/04: no cap\u00edtulo 008(*) da novela, quarta-feira, 29 de abril, Jos\u00e9 Luis \u00e9 levado preso. Assustado, ele pergunta aos cabos qual o motivo e aceita ir com eles. Victor chega \u00e0 resid\u00eancia Almonte e fala para Alessandro que Maria est\u00e1 bem, mas perdidamente apaixonada por ele. Alessandro sugere que Victor lute por Maria, pois ele s\u00f3 tem olhos para Montserrat. Graciela pede desculpa a Alessandro pela discuss\u00e3o que tiveram e pede a ele que se case com Montserrat. Ele recusa, pois seria o mesmo que compr\u00e1-la. Nadia recebe Graciela em sua casa e se emociona, pois Montserrat ir\u00e1 \u00e0 festa. Pedro liga para Alessandro e o convida a uma festa naquela noite. Victor sugere que conhe\u00e7am pessoas e se distraiam. Esmeralda visita Montserrat fazendo-se passar por uma ex-mulher de Jose Luis. Ela grita com Montserrat e pede que se afaste do seu marido. Montserrat se zanga e a expulsa de sua casa.<\/p>\n<p>Graciela evita que Montserrat v\u00e1 \u00e0 escola naval esclarecer as coisas com Jos\u00e9 Luis. Montserrat, chorando, confessa a sua m\u00e3e que vendeu seu terreno para Alessandro e deu o dinheiro a Jos\u00e9 Luis. Carlota convence Montserrat a ir \u00e0 festa de Nadia. Elas v\u00e3o ao centro comercial comprar sapatos. Em uma cafeteria, ela v\u00ea Alessandro com Esmeralda e se surpreende. Em um bar, Dem\u00e9trio paga a Esmeralda pelo favor de ir a sua casa mais tarde. Victor e Alessandro tomam uma bebida no mesmo bar. Na escola Naval, Jos\u00e9 Luis est\u00e1 desesperado, fechado em uma cela. O Capit\u00e3o Robledo diz a Jos\u00e9 que encontraram a arma do crime que vitimou Gamboa em seus pertences e, assim, ele \u00e9 o culpado. Montserrat chega para buscar Jos\u00e9 Luis, mas o capit\u00e3o a informa que ele foi transferido para outro local. Dem\u00e9trio, Graciela e Carlota procuram por Montserrat. Ela chega com Robledo e Graciela o agradece pelo gesto.<\/p>\n<p>(*) edi\u00e7\u00e3o do SBT, Novela \u201cO Que A Vida Me Roubou\u201d, sujeito a altera\u00e7\u00e3o de data e conte\u00fado.<\/p>\n<p>Novela \u201cO Que A Vida Me Roubou\u201d: A hist\u00f3ria se passa em \u00c1gua Azul, onde Montserrat vive. Montserrat \u00e9 uma bela jovem socialite que sempre foi dominada por sua m\u00e3e Graziela, cuja \u00fanica preocupa\u00e7\u00e3o \u00e9 o seu elevado estatuto na sociedade, mesmo que a fam\u00edlia esteja financeiramente arruinada. Montserrat, apesar de fazer tudo o que sua m\u00e3e diz-lhe, secretamente mant\u00e9m um relacionamento com Jos\u00e9 Luis da marinha, com quem planeja se casar.<\/p>\n","protected":false},"excerpt":{"rendered":"<p>Resumo da novela \u201cO Que A Vida Me Roubou\u201d em 29\/04: no cap\u00edtulo 008(*) da novela, quarta-feira, 29 de abril, Jos\u00e9 Luis \u00e9 levado preso. Assustado, ele pergunta aos cabos qual o motivo e aceita ir com eles. Victor chega \u00e0 resid\u00eancia Almonte e fala para Alessandro que Maria est\u00e1 bem, mas perdidamente apaixonada por [&hellip;]<\/p>\n","protected":false},"author":2,"featured_media":191123,"comment_status":"closed","ping_status":"closed","sticky":false,"template":"","format":"standard","meta":{"tdm_status":"","tdm_grid_status":"","footnotes":""},"categories":[379,372,343],"tags":[441],"class_list":{"0":"post-192014","1":"post","2":"type-post","3":"status-publish","4":"format-standard","5":"has-post-thumbnail","7":"category-novelas","8":"category-sbt","9":"category-televisao","10":"tag-resumo-do-dia"},"_links":{"self":[{"href":"https:\/\/migracao.redenoticia.com.br\/noticia\/wp-json\/wp\/v2\/posts\/192014","targetHints":{"allow":["GET"]}}],"collection":[{"href":"https:\/\/migracao.redenoticia.com.br\/noticia\/wp-json\/wp\/v2\/posts"}],"about":[{"href":"https:\/\/migracao.redenoticia.com.br\/noticia\/wp-json\/wp\/v2\/types\/post"}],"author":[{"embeddable":true,"href":"https:\/\/migracao.redenoticia.com.br\/noticia\/wp-json\/wp\/v2\/users\/2"}],"replies":[{"embeddable":true,"href":"https:\/\/migracao.redenoticia.com.br\/noticia\/wp-json\/wp\/v2\/comments?post=192014"}],"version-history":[{"count":0,"href":"https:\/\/migracao.redenoticia.com.br\/noticia\/wp-json\/wp\/v2\/posts\/192014\/revisions"}],"wp:featuredmedia":[{"embeddable":true,"href":"https:\/\/migracao.redenoticia.com.br\/noticia\/wp-json\/wp\/v2\/media\/191123"}],"wp:attachment":[{"href":"https:\/\/migracao.redenoticia.com.br\/noticia\/wp-json\/wp\/v2\/media?parent=192014"}],"wp:term":[{"taxonomy":"category","embeddable":true,"href":"https:\/\/migracao.redenoticia.com.br\/noticia\/wp-json\/wp\/v2\/categories?post=192014"},{"taxonomy":"post_tag","embeddable":true,"href":"https:\/\/migracao.redenoticia.com.br\/noticia\/wp-json\/wp\/v2\/tags?post=192014"}],"curies":[{"name":"wp","href":"https:\/\/api.w.org\/{rel}","templated":true}]}}