{"id":192017,"date":"2020-04-28T19:33:32","date_gmt":"2020-04-28T22:33:32","guid":{"rendered":"https:\/\/www.redenoticia.com.br\/noticia\/?p=192017"},"modified":"2020-04-28T19:33:32","modified_gmt":"2020-04-28T22:33:32","slug":"resumo-novela-cumplices-de-um-resgate-29-04-frederico-alerta-otavio","status":"publish","type":"post","link":"https:\/\/migracao.redenoticia.com.br\/noticia\/2020\/resumo-novela-cumplices-de-um-resgate-29-04-frederico-alerta-otavio\/192017","title":{"rendered":"Resumo novela \u201cC\u00famplices de um Resgate\u201d 29\/04: Frederico alerta Ot\u00e1vio"},"content":{"rendered":"<p> <img loading=\"lazy\" decoding=\"async\" class=\"aligncenter size-large wp-image-164526\" src=\"https:\/\/migracao.redenoticia.com.br\/noticia\/imagens\/cumplices-de-um-resgate-001-316x300.jpg\" alt=\"\" width=\"316\" height=\"300\" srcset=\"https:\/\/migracao.redenoticia.com.br\/noticia\/imagens\/cumplices-de-um-resgate-001-316x300.jpg 316w, https:\/\/migracao.redenoticia.com.br\/noticia\/imagens\/cumplices-de-um-resgate-001-197x187.jpg 197w, https:\/\/migracao.redenoticia.com.br\/noticia\/imagens\/cumplices-de-um-resgate-001-150x143.jpg 150w, https:\/\/migracao.redenoticia.com.br\/noticia\/imagens\/cumplices-de-um-resgate-001.jpg 526w\" sizes=\"auto, (max-width: 316px) 100vw, 316px\" \/><\/p>\n<p><strong><em>Resumo novela \u201cC\u00famplices de um Resgate\u201d 29\/04<\/em><\/strong>: no cap\u00edtulo 344(*) da novela, quarta-feira, 29 de abril, Sabrina encontra T\u00e9o no buraco. Priscila v\u00ea Chloe cantar em seu lugar e surta ao achar que Regina quer colocar ela em seu lugar. Ot\u00e1vio conversa com Joaquim e Felipe sobre eles conhecerem Manuela, que na verdade \u00e9 Isabela. Ot\u00e1vio desabafa com Raul e diz que s\u00e3o muitas coincid\u00eancias. Taisa diz para Frederico que foi promovida. O estilista diz para Ot\u00e1vio que Tomas est\u00e1 promovendo Ta\u00edsa para ser c\u00famplice de suas tramoias.<\/p>\n<p>Ot\u00e1vio diz que Tomas est\u00e1 em per\u00edodo de experi\u00eancia. Frederico pede para Ot\u00e1vio abrir os olhos pois os dois ser\u00e3o piores do que a alian\u00e7a Safira e Tomas. T\u00e9o percebe que o outro cachorro n\u00e3o \u00e9 Manteiguinha. Enquanto isso, Omar segue escondendo o cachorro.<\/p>\n<p>(*) edi\u00e7\u00e3o do SBT, Novela \u201cC\u00famplices de um Resgate\u201d, sujeito a altera\u00e7\u00e3o de data e conte\u00fado.<\/p>\n<p>\u201cC\u00famplices de um Resgate\u201d &#8211; Duas irm\u00e3s g\u00eameas univitelinas que foram separadas ap\u00f3s nascimento, se reencontram somente ap\u00f3s doze anos. Manuela, uma das g\u00eameas, \u00e9 doce, meiga, gentil, e muito talentosa para a m\u00fasica e tem uma voz encantadora. Vive uma vida feliz no Vilarejo dos Sonhos, onde mora com sua av\u00f3 Nina, sua tia Helena e sua m\u00e3e Rebeca, que d\u00e1 muito amor e carinho a filha por ela nunca ter tido um pai, e ela \u00e9 a m\u00e3e biol\u00f3gica das duas garotas, mas nunca soube que teve g\u00eameas.<\/p>\n","protected":false},"excerpt":{"rendered":"<p>Resumo novela \u201cC\u00famplices de um Resgate\u201d 29\/04: no cap\u00edtulo 344(*) da novela, quarta-feira, 29 de abril, Sabrina encontra T\u00e9o no buraco. Priscila v\u00ea Chloe cantar em seu lugar e surta ao achar que Regina quer colocar ela em seu lugar. Ot\u00e1vio conversa com Joaquim e Felipe sobre eles conhecerem Manuela, que na verdade \u00e9 Isabela. [&hellip;]<\/p>\n","protected":false},"author":2,"featured_media":164525,"comment_status":"closed","ping_status":"closed","sticky":false,"template":"","format":"standard","meta":{"tdm_status":"","tdm_grid_status":"","footnotes":""},"categories":[379,372,343],"tags":[441],"class_list":{"0":"post-192017","1":"post","2":"type-post","3":"status-publish","4":"format-standard","5":"has-post-thumbnail","7":"category-novelas","8":"category-sbt","9":"category-televisao","10":"tag-resumo-do-dia"},"_links":{"self":[{"href":"https:\/\/migracao.redenoticia.com.br\/noticia\/wp-json\/wp\/v2\/posts\/192017","targetHints":{"allow":["GET"]}}],"collection":[{"href":"https:\/\/migracao.redenoticia.com.br\/noticia\/wp-json\/wp\/v2\/posts"}],"about":[{"href":"https:\/\/migracao.redenoticia.com.br\/noticia\/wp-json\/wp\/v2\/types\/post"}],"author":[{"embeddable":true,"href":"https:\/\/migracao.redenoticia.com.br\/noticia\/wp-json\/wp\/v2\/users\/2"}],"replies":[{"embeddable":true,"href":"https:\/\/migracao.redenoticia.com.br\/noticia\/wp-json\/wp\/v2\/comments?post=192017"}],"version-history":[{"count":0,"href":"https:\/\/migracao.redenoticia.com.br\/noticia\/wp-json\/wp\/v2\/posts\/192017\/revisions"}],"wp:featuredmedia":[{"embeddable":true,"href":"https:\/\/migracao.redenoticia.com.br\/noticia\/wp-json\/wp\/v2\/media\/164525"}],"wp:attachment":[{"href":"https:\/\/migracao.redenoticia.com.br\/noticia\/wp-json\/wp\/v2\/media?parent=192017"}],"wp:term":[{"taxonomy":"category","embeddable":true,"href":"https:\/\/migracao.redenoticia.com.br\/noticia\/wp-json\/wp\/v2\/categories?post=192017"},{"taxonomy":"post_tag","embeddable":true,"href":"https:\/\/migracao.redenoticia.com.br\/noticia\/wp-json\/wp\/v2\/tags?post=192017"}],"curies":[{"name":"wp","href":"https:\/\/api.w.org\/{rel}","templated":true}]}}