{"id":192051,"date":"2020-06-02T18:19:42","date_gmt":"2020-06-02T21:19:42","guid":{"rendered":"https:\/\/www.redenoticia.com.br\/noticia\/?p=192051"},"modified":"2020-06-04T09:41:12","modified_gmt":"2020-06-04T12:41:12","slug":"novela-eta-mundo-bom-ernesto-finge-ser-o-filho-perdido-de-anastacia","status":"publish","type":"post","link":"https:\/\/migracao.redenoticia.com.br\/noticia\/2020\/novela-eta-mundo-bom-ernesto-finge-ser-o-filho-perdido-de-anastacia\/192051","title":{"rendered":"Novela &#8220;Eta Mundo Bom&#8221;: Ernesto finge ser filho de Anast\u00e1cia"},"content":{"rendered":"<p><img loading=\"lazy\" decoding=\"async\" class=\"aligncenter size-large wp-image-191973\" src=\"https:\/\/migracao.redenoticia.com.br\/noticia\/imagens\/eta-mundo-bom-logo-311x300.jpg\" alt=\"\" width=\"311\" height=\"300\" srcset=\"https:\/\/migracao.redenoticia.com.br\/noticia\/imagens\/eta-mundo-bom-logo-311x300.jpg 311w, https:\/\/migracao.redenoticia.com.br\/noticia\/imagens\/eta-mundo-bom-logo-194x187.jpg 194w, https:\/\/migracao.redenoticia.com.br\/noticia\/imagens\/eta-mundo-bom-logo-145x140.jpg 145w, https:\/\/migracao.redenoticia.com.br\/noticia\/imagens\/eta-mundo-bom-logo-88x85.jpg 88w, https:\/\/migracao.redenoticia.com.br\/noticia\/imagens\/eta-mundo-bom-logo.jpg 512w\" sizes=\"auto, (max-width: 311px) 100vw, 311px\" \/> <strong><em>Novela &#8220;Eta Mundo Bom&#8221;<\/em><\/strong>: Anast\u00e1cia (Eliane Giardini) quer encontrar o filho desaparecido. A dona da f\u00e1brica de sabonetes Aroma contrata o detetive Jack (Davi Lucas) por sugest\u00e3o de seu advogado, Dr. Ara\u00fajo (Flavio Tolezani). Anast\u00e1cia n\u00e3o teve outros filhos e mora com os sobrinhos do ex-marido: os irm\u00e3os Sandra (Fl\u00e1via Alessandra) e Celso (Rainer Cadete).<\/p>\n<p>Jack consegue localizar a Fazenda Dom Pedro II, mas encontrar Candinho ser\u00e1 um desafio. De olho na heran\u00e7a da tia, Sandra e Celso v\u00e3o atrapalhar o trabalho do detetive. Ambos ainda ganham um aliado na empreitada: Ernesto. A loira conhece o malandro na loja de tecidos de Severo (Tarc\u00edsio Filho) e os dois come\u00e7am uma parceria rom\u00e2ntica e perigosa.<\/p>\n<p>Enquanto isso, mesmo sem saber o paradeiro do outro, o destino se encarrega de unir Candinho e Filomena. Por coincid\u00eancia, o vendedor de pipocas v\u00ea a amada produzida e descobre que ela trabalha no Dancing. O reencontro dos dois irrita Ernesto, que impede a reaproxima\u00e7\u00e3o entre eles.<\/p>\n<p>FALSO CANDINHO<\/p>\n<p>Sandra, Celso e Ernesto planejam herdar a fortuna de Anast\u00e1cia. Para isso, contratam capangas que roubam o medalh\u00e3o de Candinho. Ernesto finge ser o filho perdido da dona da Aroma. O plano d\u00e1 certo e, dias depois, Sandra anuncia o casamento com o falso Candinho.<\/p>\n<p>Desconfiada, Maria (Bianca Bin), empregada da casa de Anast\u00e1cia, procura Pancr\u00e1cio e eles descobrem o golpe de Ernesto. No dia do casamento, Pancr\u00e1cio desmascara o malandro ao lado de Eponina, Mafalda (Camila Queiroz) e Quincas (Miguel R\u00f4mulo). Sandra finge desfalecer e Ernesto foge. Ap\u00f3s o susto, Pancr\u00e1cio leva Anast\u00e1cia para conhecer o verdadeiro filho.<\/p>\n<p>Cenas previstas para junho na novela &#8220;Eta Mundo Bom&#8221;.<\/p>\n<p>Sinopse Novela &#8220;Eta Mundo Bom&#8221;: Ambientada em 1948, a trama conta a hist\u00f3ria de Candinho (S\u00e9rgio Guiz\u00e9), que foi separado da m\u00e3e logo ap\u00f3s seu nascimento e foi acolhido pelo casal Cunegundes (Elizabeth Savalla) e Quinzinho (Ary Fontoura), donos da decadente fazenda Dom Pedro II, perto da cidade fict\u00edcia de Piracema, por volta dos anos 20. O casal, que h\u00e1 tempos tenta um herdeiro sem sucesso, decide ficar com o beb\u00ea.<\/p>\n<p>Mas n\u00e3o demora para Cunegundes finalmente engravidar e ganhar tr\u00eas filhos leg\u00edtimos: Filomena, a Fil\u00f3 (D\u00e9bora Nascimento), Mafalda (Camila Queiroz) e Quincas (Miguel R\u00f4mulo), e o pobre Candinho vai sendo deixado de lado pelos \u201cpais\u201d, mesmo com a prote\u00e7\u00e3o de Eponina (Rosi Campos), irm\u00e3 de Quinzinho, e Manuela (Dhu Moraes), a empregada da fazenda. Um amigo da fam\u00edlia tamb\u00e9m est\u00e1 sempre por perto, apoiando Candinho: Pancr\u00e1cio (Marco Nanini).<\/p>\n","protected":false},"excerpt":{"rendered":"<p>Novela &#8220;Eta Mundo Bom&#8221;: Anast\u00e1cia (Eliane Giardini) quer encontrar o filho desaparecido. A dona da f\u00e1brica de sabonetes Aroma contrata o detetive Jack (Davi Lucas) por sugest\u00e3o de seu advogado, Dr. Ara\u00fajo (Flavio Tolezani). Anast\u00e1cia n\u00e3o teve outros filhos e mora com os sobrinhos do ex-marido: os irm\u00e3os Sandra (Fl\u00e1via Alessandra) e Celso (Rainer Cadete). [&hellip;]<\/p>\n","protected":false},"author":2,"featured_media":79934,"comment_status":"closed","ping_status":"closed","sticky":false,"template":"","format":"standard","meta":{"tdm_status":"","tdm_grid_status":"","footnotes":""},"categories":[388,558,379,375,343],"tags":[440],"class_list":{"0":"post-192051","1":"post","2":"type-post","3":"status-publish","4":"format-standard","5":"has-post-thumbnail","7":"category-destaques","8":"category-eta-mundo-bom","9":"category-novelas","10":"category-rede-globo","11":"category-televisao","12":"tag-noticia-novela"},"_links":{"self":[{"href":"https:\/\/migracao.redenoticia.com.br\/noticia\/wp-json\/wp\/v2\/posts\/192051","targetHints":{"allow":["GET"]}}],"collection":[{"href":"https:\/\/migracao.redenoticia.com.br\/noticia\/wp-json\/wp\/v2\/posts"}],"about":[{"href":"https:\/\/migracao.redenoticia.com.br\/noticia\/wp-json\/wp\/v2\/types\/post"}],"author":[{"embeddable":true,"href":"https:\/\/migracao.redenoticia.com.br\/noticia\/wp-json\/wp\/v2\/users\/2"}],"replies":[{"embeddable":true,"href":"https:\/\/migracao.redenoticia.com.br\/noticia\/wp-json\/wp\/v2\/comments?post=192051"}],"version-history":[{"count":0,"href":"https:\/\/migracao.redenoticia.com.br\/noticia\/wp-json\/wp\/v2\/posts\/192051\/revisions"}],"wp:featuredmedia":[{"embeddable":true,"href":"https:\/\/migracao.redenoticia.com.br\/noticia\/wp-json\/wp\/v2\/media\/79934"}],"wp:attachment":[{"href":"https:\/\/migracao.redenoticia.com.br\/noticia\/wp-json\/wp\/v2\/media?parent=192051"}],"wp:term":[{"taxonomy":"category","embeddable":true,"href":"https:\/\/migracao.redenoticia.com.br\/noticia\/wp-json\/wp\/v2\/categories?post=192051"},{"taxonomy":"post_tag","embeddable":true,"href":"https:\/\/migracao.redenoticia.com.br\/noticia\/wp-json\/wp\/v2\/tags?post=192051"}],"curies":[{"name":"wp","href":"https:\/\/api.w.org\/{rel}","templated":true}]}}