{"id":192087,"date":"2020-05-01T08:01:55","date_gmt":"2020-05-01T11:01:55","guid":{"rendered":"https:\/\/www.redenoticia.com.br\/noticia\/?p=192087"},"modified":"2020-05-08T13:20:21","modified_gmt":"2020-05-08T16:20:21","slug":"novela-fina-estampa-griselda-ve-pereirinha-fica-tonta-e-cai-desmaiada","status":"publish","type":"post","link":"https:\/\/migracao.redenoticia.com.br\/noticia\/2020\/novela-fina-estampa-griselda-ve-pereirinha-fica-tonta-e-cai-desmaiada\/192087","title":{"rendered":"Novela \u201cFina Estampa\u201d: Enzo socorre Griselda"},"content":{"rendered":"<p><img loading=\"lazy\" decoding=\"async\" src=\"https:\/\/migracao.redenoticia.com.br\/noticia\/imagens\/fina-estampa-globo-299x300.jpg\" alt=\"\" width=\"299\" height=\"300\" class=\"aligncenter size-large wp-image-190232\" srcset=\"https:\/\/migracao.redenoticia.com.br\/noticia\/imagens\/fina-estampa-globo-299x300.jpg 299w, https:\/\/migracao.redenoticia.com.br\/noticia\/imagens\/fina-estampa-globo-187x187.jpg 187w, https:\/\/migracao.redenoticia.com.br\/noticia\/imagens\/fina-estampa-globo-150x150.jpg 150w, https:\/\/migracao.redenoticia.com.br\/noticia\/imagens\/fina-estampa-globo-140x140.jpg 140w, https:\/\/migracao.redenoticia.com.br\/noticia\/imagens\/fina-estampa-globo-85x85.jpg 85w, https:\/\/migracao.redenoticia.com.br\/noticia\/imagens\/fina-estampa-globo.jpg 575w\" sizes=\"auto, (max-width: 299px) 100vw, 299px\" \/> <em><strong>Novela \u201cFina Estampa\u201d<\/strong><\/em>: No quiosque da praia, \u00c1lvaro (Wolf Maya) e Zambeze (Totia Meireles) estranham um barco que se aproxima da areia. Victor (Fabio Keldani) empresta seu bin\u00f3culo e l\u00ea o nome da embarca\u00e7\u00e3o: Flor do Tejo. Ferdinand (Carlos Machado), que estava junto do grupo, constata: \u201cEsse era o barco do&#8230; O barco do Pereirinha!\u201d, grita! Todos ficam desesperados e chamam Griselda (Lilia Cabral) imediatamente. A portuguesa chega \u00e0 praia com Celeste (Dira Paes) e Vilma (Arlete Salles), que liga para Quinz\u00e9 (Malvino Salvador), Am\u00e1lia (Sophie Charlotte) e Antenor (Caio Castro).<\/p>\n<p>Ao enxergar o barco e ver que se trata realmente de Pereirinha (Jos\u00e9 Mayer) dentro dele, Griselda fica espantada: \u201cJesus amado, que brincadeira de mau gosto \u00e9 essa? O que eu fiz para merecer tamanho castigo? Mais de quinze anos depois o parasita reaparece?!\u201d. Os filhos chegam ao local e Enzo (Julio Rocha), de longe, assiste \u00e0 cena. At\u00e9 que uma lancha do Corpo de Bombeiros se aproxima do barco para lev\u00e1-lo \u00e0 terra. Todos ficam na expectativa.<\/p>\n<p>Quando o Flor do Tejo finalmente chega \u00e0 areia, o barco para bem diante de Griselda que, furiosa, come\u00e7ou a xingar o ex-marido. Atrevido, Pereirinha diz que ainda \u00e9 casado com ela e merece respeito. A portuguesa corta: \u201cOs mortos&#8230; N\u00e3o falam! (&#8230;) De onde voc\u00ea veio, seu estrup\u00edcio?\u201d. Ele diz que estava o tempo inteiro perdido em ilhas. Ferdinand encara o pescador sem acreditar e lembra que todos o procuraram por muitos dias.<\/p>\n<p>Pereirinha insiste: \u201cMas eu estava l\u00e1! O tempo todo. (&#8230;) Achei que minha mulher, a m\u00e3e dos meus filhos, ia me buscar e me trazer de volta para casa. Fiquei l\u00e1, esperando, por ela&#8230; mas cad\u00ea que a ingrata deu as caras?\u201d. Griselda vai ficando cada vez mais furiosa e grita: \u201cSafado! Safado! Safado!\u201d. Ela come\u00e7a a ficar tonta e cai no ch\u00e3o, desmaiada. Todos se mobilizam e Enzo leva a portuguesa para dentro da casa dela. Pereirinha segue junto dos filhos. <\/p>\n<p>Cenas previstas para maio na novela \u201cFina Estampa\u201d.<\/p>\n<p>Sinopse \u201cFina Estampa\u201d: A vi\u00fava Griselda, conhecida como Pereir\u00e3o, trabalha como faz-tudo para sustentar seus tr\u00eas filhos. J\u00e1 Tereza Cristina \u00e9 uma socialite que acredita ter a vida perfeita. Seus destinos se cruzam por acaso e tudo muda quando Griselda fica milion\u00e1ria.<\/p>\n","protected":false},"excerpt":{"rendered":"<p>Novela \u201cFina Estampa\u201d: No quiosque da praia, \u00c1lvaro (Wolf Maya) e Zambeze (Totia Meireles) estranham um barco que se aproxima da areia. Victor (Fabio Keldani) empresta seu bin\u00f3culo e l\u00ea o nome da embarca\u00e7\u00e3o: Flor do Tejo. Ferdinand (Carlos Machado), que estava junto do grupo, constata: \u201cEsse era o barco do&#8230; O barco do Pereirinha!\u201d, [&hellip;]<\/p>\n","protected":false},"author":2,"featured_media":190230,"comment_status":"closed","ping_status":"closed","sticky":false,"template":"","format":"standard","meta":{"tdm_status":"","tdm_grid_status":"","footnotes":""},"categories":[388,555,379,375,343],"tags":[440],"class_list":{"0":"post-192087","1":"post","2":"type-post","3":"status-publish","4":"format-standard","5":"has-post-thumbnail","7":"category-destaques","8":"category-fina-estampa","9":"category-novelas","10":"category-rede-globo","11":"category-televisao","12":"tag-noticia-novela"},"_links":{"self":[{"href":"https:\/\/migracao.redenoticia.com.br\/noticia\/wp-json\/wp\/v2\/posts\/192087","targetHints":{"allow":["GET"]}}],"collection":[{"href":"https:\/\/migracao.redenoticia.com.br\/noticia\/wp-json\/wp\/v2\/posts"}],"about":[{"href":"https:\/\/migracao.redenoticia.com.br\/noticia\/wp-json\/wp\/v2\/types\/post"}],"author":[{"embeddable":true,"href":"https:\/\/migracao.redenoticia.com.br\/noticia\/wp-json\/wp\/v2\/users\/2"}],"replies":[{"embeddable":true,"href":"https:\/\/migracao.redenoticia.com.br\/noticia\/wp-json\/wp\/v2\/comments?post=192087"}],"version-history":[{"count":0,"href":"https:\/\/migracao.redenoticia.com.br\/noticia\/wp-json\/wp\/v2\/posts\/192087\/revisions"}],"wp:featuredmedia":[{"embeddable":true,"href":"https:\/\/migracao.redenoticia.com.br\/noticia\/wp-json\/wp\/v2\/media\/190230"}],"wp:attachment":[{"href":"https:\/\/migracao.redenoticia.com.br\/noticia\/wp-json\/wp\/v2\/media?parent=192087"}],"wp:term":[{"taxonomy":"category","embeddable":true,"href":"https:\/\/migracao.redenoticia.com.br\/noticia\/wp-json\/wp\/v2\/categories?post=192087"},{"taxonomy":"post_tag","embeddable":true,"href":"https:\/\/migracao.redenoticia.com.br\/noticia\/wp-json\/wp\/v2\/tags?post=192087"}],"curies":[{"name":"wp","href":"https:\/\/api.w.org\/{rel}","templated":true}]}}