{"id":192127,"date":"2020-04-30T10:28:55","date_gmt":"2020-04-30T13:28:55","guid":{"rendered":"https:\/\/www.redenoticia.com.br\/noticia\/?p=192127"},"modified":"2020-04-30T10:28:55","modified_gmt":"2020-04-30T13:28:55","slug":"resumo-novela-novo-mundo-01-05-joaquim-salva-anna-de-ser-atacada-na-rua","status":"publish","type":"post","link":"https:\/\/migracao.redenoticia.com.br\/noticia\/2020\/resumo-novela-novo-mundo-01-05-joaquim-salva-anna-de-ser-atacada-na-rua\/192127","title":{"rendered":"Resumo novela \u201cNovo Mundo\u201d 01\/05: Joaquim salva Anna de ser atacada na rua"},"content":{"rendered":"<p> <img loading=\"lazy\" decoding=\"async\" class=\"aligncenter size-large wp-image-190256\" src=\"https:\/\/migracao.redenoticia.com.br\/noticia\/imagens\/novo-mundo-reprise-globo-300x300.jpg\" alt=\"\" width=\"300\" height=\"300\" srcset=\"https:\/\/migracao.redenoticia.com.br\/noticia\/imagens\/novo-mundo-reprise-globo-300x300.jpg 300w, https:\/\/migracao.redenoticia.com.br\/noticia\/imagens\/novo-mundo-reprise-globo-187x187.jpg 187w, https:\/\/migracao.redenoticia.com.br\/noticia\/imagens\/novo-mundo-reprise-globo-150x150.jpg 150w, https:\/\/migracao.redenoticia.com.br\/noticia\/imagens\/novo-mundo-reprise-globo-140x140.jpg 140w, https:\/\/migracao.redenoticia.com.br\/noticia\/imagens\/novo-mundo-reprise-globo-85x85.jpg 85w, https:\/\/migracao.redenoticia.com.br\/noticia\/imagens\/novo-mundo-reprise-globo.jpg 600w\" sizes=\"auto, (max-width: 300px) 100vw, 300px\" \/><\/p>\n<p><em><strong>Resumo novela \u201cNovo Mundo\u201d 01\/05<\/strong><\/em>: no cap\u00edtulo 029(*) da novela, sexta-feira, 01 de maio, Thomas afirma a Anna que Joaquim fez intrigas contra ele. Piat\u00e3 volta com uma ca\u00e7a para a aldeia e Jacira se surpreende. A Madre flagra Cec\u00edlia e Peter falando com Am\u00e1lia. Chala\u00e7a oferece dinheiro para Fel\u00edcio se afastar de Domitila. Pedro descobre que Leopoldina est\u00e1 gr\u00e1vida. Avilez entrega a Dom Pedro uma carta exigindo sua volta a Portugal.<\/p>\n<p>Joaquim orienta Dom Pedro a lutar pelo Brasil. Piat\u00e3 faz uma cerim\u00f4nia de inicia\u00e7\u00e3o com os Tucar\u00e9s. Dom Pedro se emociona com o apoio do povo. A mando de Thomas, um grupo liderado por Matias ataca o Pa\u00e7o e inicia uma confus\u00e3o na manifesta\u00e7\u00e3o. Anna v\u00ea Thomas indo para a sede do partido portugu\u00eas. Joaquim salva Anna de ser atacada na rua.<\/p>\n<p>(*) edi\u00e7\u00e3o da Rede Globo, Novela \u201cNovo Mundo\u201d, sujeito a altera\u00e7\u00e3o de data e conte\u00fado.<\/p>\n<p>Sinopse \u201cNovo Mundo\u201d: Em 1817 Anna Millman (Isabelle Drummond) \u00e9 uma inglesa que \u00e9 professora de portugu\u00eas que se envolve com o ator luso-brasileiro Joaquim Martinho (Chay Suede). Os dois se conhecem na Europa, mas v\u00eam ao pa\u00eds por causa da uni\u00e3o da futura imperatriz do Brasil com Dom Pedro (Caio Castro). Seus destinos se cruzam ao se encontrarem a bordo do navio que traz a princesa Maria Leopoldina de \u00c1ustria (Let\u00edcia Colin) para o Brasil, j\u00e1 que havia se casado com Dom Pedro por meio de uma procura\u00e7\u00e3o. Os dois iniciam um romance durante a viagem ao Novo Mundo.<\/p>\n","protected":false},"excerpt":{"rendered":"<p>Resumo novela \u201cNovo Mundo\u201d 01\/05: no cap\u00edtulo 029(*) da novela, sexta-feira, 01 de maio, Thomas afirma a Anna que Joaquim fez intrigas contra ele. Piat\u00e3 volta com uma ca\u00e7a para a aldeia e Jacira se surpreende. A Madre flagra Cec\u00edlia e Peter falando com Am\u00e1lia. Chala\u00e7a oferece dinheiro para Fel\u00edcio se afastar de Domitila. Pedro [&hellip;]<\/p>\n","protected":false},"author":2,"featured_media":191224,"comment_status":"closed","ping_status":"closed","sticky":false,"template":"","format":"standard","meta":{"tdm_status":"","tdm_grid_status":"","footnotes":""},"categories":[379,557,375,343],"tags":[441],"class_list":{"0":"post-192127","1":"post","2":"type-post","3":"status-publish","4":"format-standard","5":"has-post-thumbnail","7":"category-novelas","8":"category-novo-mundo","9":"category-rede-globo","10":"category-televisao","11":"tag-resumo-do-dia"},"_links":{"self":[{"href":"https:\/\/migracao.redenoticia.com.br\/noticia\/wp-json\/wp\/v2\/posts\/192127","targetHints":{"allow":["GET"]}}],"collection":[{"href":"https:\/\/migracao.redenoticia.com.br\/noticia\/wp-json\/wp\/v2\/posts"}],"about":[{"href":"https:\/\/migracao.redenoticia.com.br\/noticia\/wp-json\/wp\/v2\/types\/post"}],"author":[{"embeddable":true,"href":"https:\/\/migracao.redenoticia.com.br\/noticia\/wp-json\/wp\/v2\/users\/2"}],"replies":[{"embeddable":true,"href":"https:\/\/migracao.redenoticia.com.br\/noticia\/wp-json\/wp\/v2\/comments?post=192127"}],"version-history":[{"count":0,"href":"https:\/\/migracao.redenoticia.com.br\/noticia\/wp-json\/wp\/v2\/posts\/192127\/revisions"}],"wp:featuredmedia":[{"embeddable":true,"href":"https:\/\/migracao.redenoticia.com.br\/noticia\/wp-json\/wp\/v2\/media\/191224"}],"wp:attachment":[{"href":"https:\/\/migracao.redenoticia.com.br\/noticia\/wp-json\/wp\/v2\/media?parent=192127"}],"wp:term":[{"taxonomy":"category","embeddable":true,"href":"https:\/\/migracao.redenoticia.com.br\/noticia\/wp-json\/wp\/v2\/categories?post=192127"},{"taxonomy":"post_tag","embeddable":true,"href":"https:\/\/migracao.redenoticia.com.br\/noticia\/wp-json\/wp\/v2\/tags?post=192127"}],"curies":[{"name":"wp","href":"https:\/\/api.w.org\/{rel}","templated":true}]}}