{"id":1922,"date":"2009-05-23T11:35:32","date_gmt":"2009-05-23T15:35:32","guid":{"rendered":"http:\/\/www.redenoticia.com.br\/noticia\/?p=1922"},"modified":"2009-05-23T11:38:17","modified_gmt":"2009-05-23T15:38:17","slug":"cassol-conclui-que-deve-incentivar-comercio-com-paises-andinos","status":"publish","type":"post","link":"https:\/\/migracao.redenoticia.com.br\/noticia\/2009\/cassol-conclui-que-deve-incentivar-comercio-com-paises-andinos\/1922","title":{"rendered":"Cassol conclui que deve incentivar com\u00e9rcio com pa\u00edses andinos"},"content":{"rendered":"<p><span style=\"font-family: Arial; color: #666666;\">O governador Ivo Cassol de Rond\u00f4nia destacou os pontos positivos da viagem que fez aos pa\u00edses andinos, em comitiva com outros empres\u00e1rios, com \u00eanfase para o mercado consumidor e exportador dos pa\u00edses visitados. <\/span><\/p>\n<p class=\"MsoNormal\" style=\"line-height: 13.1pt;\"><span style=\"font-family: Arial; color: #666666;\">Segundo ele, o primeiro passo j\u00e1 foi dado nas negocia\u00e7\u00f5es, tendo em vista que a comitiva foi muita bem recepcionada pelas autoridades e empres\u00e1rios das cidades por onde passou. \u201cVoltamos com a melhor impress\u00e3o poss\u00edvel, tanto na condi\u00e7\u00e3o de governante quanto de empreendedor\u201d, destacou Cassol, acrescentando que \u201ctemos muito que exportar pra l\u00e1, assim como temos muito que importar de l\u00e1, que se tornaria mais barato para o com\u00e9rcio de Rond\u00f4nia, como \u00e9 o caso da batata, do sal que estamos trazendo de Mossor\u00f3, no Rio Grande do Norte percorrendo cerca de cinco mil quil\u00f4metros de dist\u00e2ncia para ser consumido aqui. Sendo, que depois de firmadas as negocia\u00e7\u00f5es poderemos trazer da regi\u00e3o do Peru que fica mais perto, facilitando o transporte e os custos\u201d, concluiu.<br \/>\n<!--[if !supportLineBreakNewLine]--><br \/>\n<!--[endif]--><\/span><\/p>\n<p class=\"MsoNormal\" style=\"line-height: 13.1pt;\"><span style=\"font-family: Arial; color: #666666;\">De acordo com o governador ficou acertado que em setembro os empres\u00e1rios e ministros da agricultura peruanos vir\u00e3o em Rond\u00f4nia para participar da Feira Industrial de Rond\u00f4nia &#8211; Feiron, organizada pela Federa\u00e7\u00e3o das Ind\u00fastrias de Rond\u00f4nia \u2013 Fiero, <\/span><\/p>\n<p class=\"MsoNormal\" style=\"line-height: 13.1pt;\"><span style=\"font-family: Arial; color: #666666;\">O Governo do Estado de Rond\u00f4nia v\u00ea no livre com\u00e9rcio entre esses pa\u00edses fronteiri\u00e7os, uma grande oportunidade de expandir o mercado do estado exportando os produtos como: a carne bovina, arroz, caf\u00e9 entre outros. Al\u00e9m, de ter a facilidade em importar produtos mais baratos dessas regi\u00f5es.<\/span><\/p>\n<p class=\"MsoNormal\" style=\"line-height: 13.1pt;\"><span class=\"Texto_entre_rodape\">DECOM<\/span><\/p>\n","protected":false},"excerpt":{"rendered":"<p>O governador Ivo Cassol de Rond\u00f4nia destacou os pontos positivos da viagem que fez aos pa\u00edses andinos, em comitiva com outros empres\u00e1rios, com \u00eanfase para o mercado consumidor e exportador dos pa\u00edses visitados. Segundo ele, o primeiro passo j\u00e1 foi dado nas negocia\u00e7\u00f5es, tendo em vista que a comitiva foi muita bem recepcionada pelas autoridades [&hellip;]<\/p>\n","protected":false},"author":3,"featured_media":0,"comment_status":"open","ping_status":"open","sticky":false,"template":"","format":"standard","meta":{"tdm_status":"","tdm_grid_status":"","footnotes":""},"categories":[22],"tags":[],"class_list":{"0":"post-1922","1":"post","2":"type-post","3":"status-publish","4":"format-standard","6":"category-brasil"},"_links":{"self":[{"href":"https:\/\/migracao.redenoticia.com.br\/noticia\/wp-json\/wp\/v2\/posts\/1922","targetHints":{"allow":["GET"]}}],"collection":[{"href":"https:\/\/migracao.redenoticia.com.br\/noticia\/wp-json\/wp\/v2\/posts"}],"about":[{"href":"https:\/\/migracao.redenoticia.com.br\/noticia\/wp-json\/wp\/v2\/types\/post"}],"author":[{"embeddable":true,"href":"https:\/\/migracao.redenoticia.com.br\/noticia\/wp-json\/wp\/v2\/users\/3"}],"replies":[{"embeddable":true,"href":"https:\/\/migracao.redenoticia.com.br\/noticia\/wp-json\/wp\/v2\/comments?post=1922"}],"version-history":[{"count":0,"href":"https:\/\/migracao.redenoticia.com.br\/noticia\/wp-json\/wp\/v2\/posts\/1922\/revisions"}],"wp:attachment":[{"href":"https:\/\/migracao.redenoticia.com.br\/noticia\/wp-json\/wp\/v2\/media?parent=1922"}],"wp:term":[{"taxonomy":"category","embeddable":true,"href":"https:\/\/migracao.redenoticia.com.br\/noticia\/wp-json\/wp\/v2\/categories?post=1922"},{"taxonomy":"post_tag","embeddable":true,"href":"https:\/\/migracao.redenoticia.com.br\/noticia\/wp-json\/wp\/v2\/tags?post=1922"}],"curies":[{"name":"wp","href":"https:\/\/api.w.org\/{rel}","templated":true}]}}