{"id":192200,"date":"2020-05-02T10:51:57","date_gmt":"2020-05-02T13:51:57","guid":{"rendered":"https:\/\/www.redenoticia.com.br\/noticia\/?p=192200"},"modified":"2020-05-02T10:51:57","modified_gmt":"2020-05-02T13:51:57","slug":"resumo-novela-o-que-a-vida-me-roubou-04-05-adolfo-pede-cem-mil-a-josefina","status":"publish","type":"post","link":"https:\/\/migracao.redenoticia.com.br\/noticia\/2020\/resumo-novela-o-que-a-vida-me-roubou-04-05-adolfo-pede-cem-mil-a-josefina\/192200","title":{"rendered":"Resumo novela \u201cO Que A Vida Me Roubou\u201d 04\/05: Adolfo pede cem mil a Josefina"},"content":{"rendered":"<p> <img loading=\"lazy\" decoding=\"async\" class=\"aligncenter size-large wp-image-191122\" src=\"https:\/\/migracao.redenoticia.com.br\/noticia\/imagens\/o-que-a-vida-me-roubou-elenco-361x300.jpg\" alt=\"\" width=\"361\" height=\"300\" srcset=\"https:\/\/migracao.redenoticia.com.br\/noticia\/imagens\/o-que-a-vida-me-roubou-elenco-361x300.jpg 361w, https:\/\/migracao.redenoticia.com.br\/noticia\/imagens\/o-que-a-vida-me-roubou-elenco-225x187.jpg 225w, https:\/\/migracao.redenoticia.com.br\/noticia\/imagens\/o-que-a-vida-me-roubou-elenco-168x140.jpg 168w, https:\/\/migracao.redenoticia.com.br\/noticia\/imagens\/o-que-a-vida-me-roubou-elenco-102x85.jpg 102w, https:\/\/migracao.redenoticia.com.br\/noticia\/imagens\/o-que-a-vida-me-roubou-elenco.jpg 693w\" sizes=\"auto, (max-width: 361px) 100vw, 361px\" \/><\/p>\n<p><strong><em>Resumo da novela \u201cO Que A Vida Me Roubou\u201d<\/em><\/strong> em 04\/05: no cap\u00edtulo 011(*) da novela, segunda-feira, 04 de maio, Dem\u00e9trio chega, mas Esmeralda pede que n\u00e3o o atendam, pois n\u00e3o deseja v\u00ea-lo. Na resid\u00eancia Almonte, Alessandro est\u00e1 muito pensativo por seu casamento. Victor sugere que ele volte para a fazenda. Alessandro prop\u00f5e que Victor seja o administrador da fazenda, pois ele morar\u00e1 em \u00c1gua Azul depois do casamento. Na fazenda Almonte, Joventino est\u00e1 pensando em Montserrat e fala com Dominga que ela j\u00e1 n\u00e3o o interessa, pois conheceu um \u201canjo\u201d. Adolfo pede cem mil emprestados a Josefina, fazendo com que ela acredite que s\u00e3o para Dem\u00e9trio. Ela aceita emprestar a quantia. Dias depois, Dem\u00e9trio tenta pedir Josefina em namoro, mas n\u00e3o consegue por n\u00e3o gostar dela. Josefina fica pensando e sonhando com o dia que Dem\u00e9trio se declarar\u00e1. Esmeralda \u00e9 atacada por dois homens. Renato e Jos\u00e9 Luis a defendem. Em agradecimento, ela oferece sua casa para que eles durmam at\u00e9 quando precisarem. Adolfo e Dem\u00e9trio festejam contentes pelo dinheiro que tiraram de Josefina.<\/p>\n<p>Graciela pede a Alessandro que fa\u00e7a cargo de suas d\u00edvidas, como haviam combinado. Lauro reclama com Dem\u00e9trio por este n\u00e3o ter ido visitar seu amigo Robledo e o esbofeteia. Dem\u00e9trio o empurra e Lauro cai desmaiado. Toda a fam\u00edlia de Montserrat vai para a capital para que Lauro se recupere em uma cl\u00ednica de luxo. Alessandro arca com todos os gastos. Joventino procura Graciela em sua resid\u00eancia, mas n\u00e3o a encontra. Jos\u00e9 Luis e Renato v\u00e3o diariamente atr\u00e1s de Montserrat e j\u00e1 est\u00e3o desesperados, mas Jos\u00e9 Luis decide n\u00e3o ir embora at\u00e9 conseguir falar com ela. Quando chegam a sua resid\u00eancia em \u00c1gua Azul, Graciela pede a Monserrat que seja carinhosa com Alessandro, pois ele pagou todas as suas d\u00edvidas. Montserrat se zanga e grita que Alessandro a \u201ccomprou\u201d. Esmeralda se despede de Jos\u00e9 Luis e Renato, de repente tocam a porta e escutam que \u00e9 Dem\u00e9trio, eles se surpreendem.<\/p>\n<p>(*) edi\u00e7\u00e3o do SBT, Novela \u201cO Que A Vida Me Roubou\u201d, sujeito a altera\u00e7\u00e3o de data e conte\u00fado.<\/p>\n<p>Novela \u201cO Que A Vida Me Roubou\u201d: A hist\u00f3ria se passa em \u00c1gua Azul, onde Montserrat vive. Montserrat \u00e9 uma bela jovem socialite que sempre foi dominada por sua m\u00e3e Graziela, cuja \u00fanica preocupa\u00e7\u00e3o \u00e9 o seu elevado estatuto na sociedade, mesmo que a fam\u00edlia esteja financeiramente arruinada. Montserrat, apesar de fazer tudo o que sua m\u00e3e diz-lhe, secretamente mant\u00e9m um relacionamento com Jos\u00e9 Luis da marinha, com quem planeja se casar.<\/p>\n","protected":false},"excerpt":{"rendered":"<p>Resumo da novela \u201cO Que A Vida Me Roubou\u201d em 04\/05: no cap\u00edtulo 011(*) da novela, segunda-feira, 04 de maio, Dem\u00e9trio chega, mas Esmeralda pede que n\u00e3o o atendam, pois n\u00e3o deseja v\u00ea-lo. Na resid\u00eancia Almonte, Alessandro est\u00e1 muito pensativo por seu casamento. Victor sugere que ele volte para a fazenda. Alessandro prop\u00f5e que Victor [&hellip;]<\/p>\n","protected":false},"author":2,"featured_media":191123,"comment_status":"closed","ping_status":"closed","sticky":false,"template":"","format":"standard","meta":{"tdm_status":"","tdm_grid_status":"","footnotes":""},"categories":[379,372,343],"tags":[441],"class_list":{"0":"post-192200","1":"post","2":"type-post","3":"status-publish","4":"format-standard","5":"has-post-thumbnail","7":"category-novelas","8":"category-sbt","9":"category-televisao","10":"tag-resumo-do-dia"},"_links":{"self":[{"href":"https:\/\/migracao.redenoticia.com.br\/noticia\/wp-json\/wp\/v2\/posts\/192200","targetHints":{"allow":["GET"]}}],"collection":[{"href":"https:\/\/migracao.redenoticia.com.br\/noticia\/wp-json\/wp\/v2\/posts"}],"about":[{"href":"https:\/\/migracao.redenoticia.com.br\/noticia\/wp-json\/wp\/v2\/types\/post"}],"author":[{"embeddable":true,"href":"https:\/\/migracao.redenoticia.com.br\/noticia\/wp-json\/wp\/v2\/users\/2"}],"replies":[{"embeddable":true,"href":"https:\/\/migracao.redenoticia.com.br\/noticia\/wp-json\/wp\/v2\/comments?post=192200"}],"version-history":[{"count":0,"href":"https:\/\/migracao.redenoticia.com.br\/noticia\/wp-json\/wp\/v2\/posts\/192200\/revisions"}],"wp:featuredmedia":[{"embeddable":true,"href":"https:\/\/migracao.redenoticia.com.br\/noticia\/wp-json\/wp\/v2\/media\/191123"}],"wp:attachment":[{"href":"https:\/\/migracao.redenoticia.com.br\/noticia\/wp-json\/wp\/v2\/media?parent=192200"}],"wp:term":[{"taxonomy":"category","embeddable":true,"href":"https:\/\/migracao.redenoticia.com.br\/noticia\/wp-json\/wp\/v2\/categories?post=192200"},{"taxonomy":"post_tag","embeddable":true,"href":"https:\/\/migracao.redenoticia.com.br\/noticia\/wp-json\/wp\/v2\/tags?post=192200"}],"curies":[{"name":"wp","href":"https:\/\/api.w.org\/{rel}","templated":true}]}}