{"id":192204,"date":"2020-05-02T10:54:13","date_gmt":"2020-05-02T13:54:13","guid":{"rendered":"https:\/\/www.redenoticia.com.br\/noticia\/?p=192204"},"modified":"2020-05-02T10:54:13","modified_gmt":"2020-05-02T13:54:13","slug":"resumo-novela-cumplices-de-um-resgate-04-05-lola-ve-o-pai-na-cadeia","status":"publish","type":"post","link":"https:\/\/migracao.redenoticia.com.br\/noticia\/2020\/resumo-novela-cumplices-de-um-resgate-04-05-lola-ve-o-pai-na-cadeia\/192204","title":{"rendered":"Resumo novela \u201cC\u00famplices de um Resgate\u201d 04\/05: Lola v\u00ea o pai na cadeia"},"content":{"rendered":"<p> <img loading=\"lazy\" decoding=\"async\" class=\"aligncenter size-large wp-image-164526\" src=\"https:\/\/migracao.redenoticia.com.br\/noticia\/imagens\/cumplices-de-um-resgate-001-316x300.jpg\" alt=\"\" width=\"316\" height=\"300\" srcset=\"https:\/\/migracao.redenoticia.com.br\/noticia\/imagens\/cumplices-de-um-resgate-001-316x300.jpg 316w, https:\/\/migracao.redenoticia.com.br\/noticia\/imagens\/cumplices-de-um-resgate-001-197x187.jpg 197w, https:\/\/migracao.redenoticia.com.br\/noticia\/imagens\/cumplices-de-um-resgate-001-150x143.jpg 150w, https:\/\/migracao.redenoticia.com.br\/noticia\/imagens\/cumplices-de-um-resgate-001.jpg 526w\" sizes=\"auto, (max-width: 316px) 100vw, 316px\" \/><\/p>\n<p><strong><em>Resumo novela \u201cC\u00famplices de um Resgate\u201d 04\/05<\/em><\/strong>: no cap\u00edtulo 347(*) da novela, segunda-feira, 04 de maio, Safira diz para Priscila que n\u00e3o quer ficar perto de Geraldo novamente. Priscila diz que ir\u00e1 provar para todos que ele n\u00e3o \u00e9 uma m\u00e1 pessoa. Lola v\u00ea o pai na cadeia e fica mais aliviada ao saber que ele est\u00e1 bem. Isabela, que finge ser Manuela, questiona D\u00f3ris e Mateus se Ot\u00e1vio perguntou para eles sobre o sequestro. Giuseppe contrata outros seis an\u00f5es para trabalhar em sua sapataria ao lado de Nico, que fica bravo com a novidade.<\/p>\n<p>Ta\u00edsa continua a explorar Lurdinha, que se irrita. Frederico conversa com a secret\u00e1ria e diz que ir\u00e1 levar o caf\u00e9 de Ta\u00edsa pessoalmente. O estilista derrama caf\u00e9 nos pap\u00e9is que Ta\u00edsa acaba de preparar. Priscila posta na internet uma foto que tirou com Geraldo e Regina de fundo. Regina vai at\u00e9 a casa de Rebeca com desculpa de prestar solidariedade pelo sequestro de Manuela. Joel manda Omar fazer as malas para voltarem para a cidade.<\/p>\n<p>(*) edi\u00e7\u00e3o do SBT, Novela \u201cC\u00famplices de um Resgate\u201d, sujeito a altera\u00e7\u00e3o de data e conte\u00fado.<\/p>\n<p>\u201cC\u00famplices de um Resgate\u201d &#8211; Duas irm\u00e3s g\u00eameas univitelinas que foram separadas ap\u00f3s nascimento, se reencontram somente ap\u00f3s doze anos. Manuela, uma das g\u00eameas, \u00e9 doce, meiga, gentil, e muito talentosa para a m\u00fasica e tem uma voz encantadora. Vive uma vida feliz no Vilarejo dos Sonhos, onde mora com sua av\u00f3 Nina, sua tia Helena e sua m\u00e3e Rebeca, que d\u00e1 muito amor e carinho a filha por ela nunca ter tido um pai, e ela \u00e9 a m\u00e3e biol\u00f3gica das duas garotas, mas nunca soube que teve g\u00eameas.<\/p>\n","protected":false},"excerpt":{"rendered":"<p>Resumo novela \u201cC\u00famplices de um Resgate\u201d 04\/05: no cap\u00edtulo 347(*) da novela, segunda-feira, 04 de maio, Safira diz para Priscila que n\u00e3o quer ficar perto de Geraldo novamente. Priscila diz que ir\u00e1 provar para todos que ele n\u00e3o \u00e9 uma m\u00e1 pessoa. Lola v\u00ea o pai na cadeia e fica mais aliviada ao saber que [&hellip;]<\/p>\n","protected":false},"author":2,"featured_media":164525,"comment_status":"closed","ping_status":"closed","sticky":false,"template":"","format":"standard","meta":{"tdm_status":"","tdm_grid_status":"","footnotes":""},"categories":[379,372,343],"tags":[441],"class_list":{"0":"post-192204","1":"post","2":"type-post","3":"status-publish","4":"format-standard","5":"has-post-thumbnail","7":"category-novelas","8":"category-sbt","9":"category-televisao","10":"tag-resumo-do-dia"},"_links":{"self":[{"href":"https:\/\/migracao.redenoticia.com.br\/noticia\/wp-json\/wp\/v2\/posts\/192204","targetHints":{"allow":["GET"]}}],"collection":[{"href":"https:\/\/migracao.redenoticia.com.br\/noticia\/wp-json\/wp\/v2\/posts"}],"about":[{"href":"https:\/\/migracao.redenoticia.com.br\/noticia\/wp-json\/wp\/v2\/types\/post"}],"author":[{"embeddable":true,"href":"https:\/\/migracao.redenoticia.com.br\/noticia\/wp-json\/wp\/v2\/users\/2"}],"replies":[{"embeddable":true,"href":"https:\/\/migracao.redenoticia.com.br\/noticia\/wp-json\/wp\/v2\/comments?post=192204"}],"version-history":[{"count":0,"href":"https:\/\/migracao.redenoticia.com.br\/noticia\/wp-json\/wp\/v2\/posts\/192204\/revisions"}],"wp:featuredmedia":[{"embeddable":true,"href":"https:\/\/migracao.redenoticia.com.br\/noticia\/wp-json\/wp\/v2\/media\/164525"}],"wp:attachment":[{"href":"https:\/\/migracao.redenoticia.com.br\/noticia\/wp-json\/wp\/v2\/media?parent=192204"}],"wp:term":[{"taxonomy":"category","embeddable":true,"href":"https:\/\/migracao.redenoticia.com.br\/noticia\/wp-json\/wp\/v2\/categories?post=192204"},{"taxonomy":"post_tag","embeddable":true,"href":"https:\/\/migracao.redenoticia.com.br\/noticia\/wp-json\/wp\/v2\/tags?post=192204"}],"curies":[{"name":"wp","href":"https:\/\/api.w.org\/{rel}","templated":true}]}}