{"id":192206,"date":"2020-05-02T10:56:32","date_gmt":"2020-05-02T13:56:32","guid":{"rendered":"https:\/\/www.redenoticia.com.br\/noticia\/?p=192206"},"modified":"2020-05-02T10:56:32","modified_gmt":"2020-05-02T13:56:32","slug":"resumo-novela-eta-mundo-bom-04-05-sandra-revela-o-segredo-de-anastacia-para-ilde","status":"publish","type":"post","link":"https:\/\/migracao.redenoticia.com.br\/noticia\/2020\/resumo-novela-eta-mundo-bom-04-05-sandra-revela-o-segredo-de-anastacia-para-ilde\/192206","title":{"rendered":"Resumo novela \u201cEta Mundo Bom\u201d 04\/05: Sandra revela o segredo de Anast\u00e1cia para Ilde"},"content":{"rendered":"<p> <img loading=\"lazy\" decoding=\"async\" class=\"aligncenter size-large wp-image-191974\" src=\"https:\/\/migracao.redenoticia.com.br\/noticia\/imagens\/eta-mundo-bom-personagens-299x300.jpg\" alt=\"\" width=\"299\" height=\"300\" srcset=\"https:\/\/migracao.redenoticia.com.br\/noticia\/imagens\/eta-mundo-bom-personagens-299x300.jpg 299w, https:\/\/migracao.redenoticia.com.br\/noticia\/imagens\/eta-mundo-bom-personagens-186x187.jpg 186w, https:\/\/migracao.redenoticia.com.br\/noticia\/imagens\/eta-mundo-bom-personagens-150x150.jpg 150w, https:\/\/migracao.redenoticia.com.br\/noticia\/imagens\/eta-mundo-bom-personagens-139x140.jpg 139w, https:\/\/migracao.redenoticia.com.br\/noticia\/imagens\/eta-mundo-bom-personagens-85x85.jpg 85w, https:\/\/migracao.redenoticia.com.br\/noticia\/imagens\/eta-mundo-bom-personagens.jpg 506w\" sizes=\"auto, (max-width: 299px) 100vw, 299px\" \/><\/p>\n<p><strong><em>Resumo novela \u201cEta Mundo Bom\u201d 04\/05<\/em><\/strong>: no cap\u00edtulo 006(*) da novela, segunda-feira, 04 de maio, Filomena agradece a ajuda de Candinho e revela a Pancr\u00e1cio que trabalha como dan\u00e7arina. Diana provoca Ernesto. Ernesto amea\u00e7a Filomena. Severo \u00e9 rude com Ana. Candinho afirma que n\u00e3o desistir\u00e1 de Filomena. Celso destrata Maria. Ara\u00fajo aconselha Anast\u00e1cia a procurar a fam\u00edlia que criou Candinho.<\/p>\n<p>Ara\u00fajo avisa a Ilde e Claudio que viajar\u00e1 com Anast\u00e1cia a neg\u00f3cios. Sandra revela o segredo de Anast\u00e1cia para Ilde, e afirma que est\u00e1 disposta a casar com Candinho para n\u00e3o perder sua heran\u00e7a. Candinho procura Filomena, e Ernesto surpreende os dois.<\/p>\n<p>(*) edi\u00e7\u00e3o da Rede Globo, Novela \u201cEta Mundo Bom\u201d, sujeito a altera\u00e7\u00e3o de data e conte\u00fado.<\/p>\n<p>&#8220;Eta Mundo Bom&#8221; \u00e9 ambientada em 1948. A trama conta a hist\u00f3ria de Candinho (S\u00e9rgio Guiz\u00e9), que foi separado da m\u00e3e logo ap\u00f3s seu nascimento e foi acolhido pelo casal Cunegundes (Elizabeth Savalla) e Quinzinho (Ary Fontoura), donos da decadente fazenda Dom Pedro II, perto da cidade fict\u00edcia de Piracema, por volta dos anos 20.<\/p>\n","protected":false},"excerpt":{"rendered":"<p>Resumo novela \u201cEta Mundo Bom\u201d 04\/05: no cap\u00edtulo 006(*) da novela, segunda-feira, 04 de maio, Filomena agradece a ajuda de Candinho e revela a Pancr\u00e1cio que trabalha como dan\u00e7arina. Diana provoca Ernesto. Ernesto amea\u00e7a Filomena. Severo \u00e9 rude com Ana. Candinho afirma que n\u00e3o desistir\u00e1 de Filomena. Celso destrata Maria. Ara\u00fajo aconselha Anast\u00e1cia a procurar [&hellip;]<\/p>\n","protected":false},"author":2,"featured_media":191973,"comment_status":"closed","ping_status":"closed","sticky":false,"template":"","format":"standard","meta":{"tdm_status":"","tdm_grid_status":"","footnotes":""},"categories":[558,379,375,343],"tags":[441],"class_list":{"0":"post-192206","1":"post","2":"type-post","3":"status-publish","4":"format-standard","5":"has-post-thumbnail","7":"category-eta-mundo-bom","8":"category-novelas","9":"category-rede-globo","10":"category-televisao","11":"tag-resumo-do-dia"},"_links":{"self":[{"href":"https:\/\/migracao.redenoticia.com.br\/noticia\/wp-json\/wp\/v2\/posts\/192206","targetHints":{"allow":["GET"]}}],"collection":[{"href":"https:\/\/migracao.redenoticia.com.br\/noticia\/wp-json\/wp\/v2\/posts"}],"about":[{"href":"https:\/\/migracao.redenoticia.com.br\/noticia\/wp-json\/wp\/v2\/types\/post"}],"author":[{"embeddable":true,"href":"https:\/\/migracao.redenoticia.com.br\/noticia\/wp-json\/wp\/v2\/users\/2"}],"replies":[{"embeddable":true,"href":"https:\/\/migracao.redenoticia.com.br\/noticia\/wp-json\/wp\/v2\/comments?post=192206"}],"version-history":[{"count":0,"href":"https:\/\/migracao.redenoticia.com.br\/noticia\/wp-json\/wp\/v2\/posts\/192206\/revisions"}],"wp:featuredmedia":[{"embeddable":true,"href":"https:\/\/migracao.redenoticia.com.br\/noticia\/wp-json\/wp\/v2\/media\/191973"}],"wp:attachment":[{"href":"https:\/\/migracao.redenoticia.com.br\/noticia\/wp-json\/wp\/v2\/media?parent=192206"}],"wp:term":[{"taxonomy":"category","embeddable":true,"href":"https:\/\/migracao.redenoticia.com.br\/noticia\/wp-json\/wp\/v2\/categories?post=192206"},{"taxonomy":"post_tag","embeddable":true,"href":"https:\/\/migracao.redenoticia.com.br\/noticia\/wp-json\/wp\/v2\/tags?post=192206"}],"curies":[{"name":"wp","href":"https:\/\/api.w.org\/{rel}","templated":true}]}}