{"id":192243,"date":"2020-05-04T11:51:25","date_gmt":"2020-05-04T14:51:25","guid":{"rendered":"https:\/\/www.redenoticia.com.br\/noticia\/?p=192243"},"modified":"2020-05-04T17:04:08","modified_gmt":"2020-05-04T20:04:08","slug":"novela-eta-mundo-bom-sandra-e-filo-querem-acompanhar-ernesto-no-concurso-de-arte","status":"publish","type":"post","link":"https:\/\/migracao.redenoticia.com.br\/noticia\/2020\/novela-eta-mundo-bom-sandra-e-filo-querem-acompanhar-ernesto-no-concurso-de-arte\/192243","title":{"rendered":"Novela &#8220;Eta Mundo Bom&#8221;: Sandra e Fil\u00f3 querem acompanhar Ernesto no concurso de Arte"},"content":{"rendered":"<p><img loading=\"lazy\" decoding=\"async\" class=\"aligncenter size-large wp-image-191974\" src=\"https:\/\/migracao.redenoticia.com.br\/noticia\/imagens\/eta-mundo-bom-personagens-299x300.jpg\" alt=\"\" width=\"299\" height=\"300\" srcset=\"https:\/\/migracao.redenoticia.com.br\/noticia\/imagens\/eta-mundo-bom-personagens-299x300.jpg 299w, https:\/\/migracao.redenoticia.com.br\/noticia\/imagens\/eta-mundo-bom-personagens-186x187.jpg 186w, https:\/\/migracao.redenoticia.com.br\/noticia\/imagens\/eta-mundo-bom-personagens-150x150.jpg 150w, https:\/\/migracao.redenoticia.com.br\/noticia\/imagens\/eta-mundo-bom-personagens-139x140.jpg 139w, https:\/\/migracao.redenoticia.com.br\/noticia\/imagens\/eta-mundo-bom-personagens-85x85.jpg 85w, https:\/\/migracao.redenoticia.com.br\/noticia\/imagens\/eta-mundo-bom-personagens.jpg 506w\" sizes=\"auto, (max-width: 299px) 100vw, 299px\" \/> <strong><em>Novela &#8220;Eta Mundo Bom&#8221;<\/em><\/strong>: n\u00e3o \u00e9 novidade que Ernesto (Eriberto Le\u00e3o) est\u00e1 sempre enrolando a ing\u00eanua Filomena (D\u00e9bora Nascimento). Depois de posar nua para o quadro do boa-vida, a bela d\u00e1 um ultimato: quer saber se ele vai mesmo se casar com ela. O malandro diz que cumprir\u00e1 a promessa, caso ganhe o pr\u00eamio no Sal\u00e3o de Belas Artes de S\u00e3o Paulo. Fil\u00f3 diz que quer acompanh\u00e1-lo no evento. &#8220;Eu ia pedir isso, quero que me veja ganhar. Desejo voc\u00ea ao meu lado no momento da minha gl\u00f3ria!&#8221;, diz Ernesto, iludindo a dan\u00e7arina.<\/p>\n<p>Mais tarde, o pintor janta com Sandra (Fl\u00e1via Alessandra) e n\u00e3o esconde a expectativa para expor seu quadro, ganhar o pr\u00eamio e ver sua carreira deslanchar. A loira o surpreende ao cobrar: &#8220;Que dia \u00e9 a inaugura\u00e7\u00e3o? Estou esperando. O convite para que eu o acompanhe \u00e0 cerim\u00f4nia&#8221;. Ernesto a agarra e tasca-lhe um beij\u00e3o.<\/p>\n<p>O p\u00e9 de valsa recorre a Diana (Priscila Fantin) para que a dan\u00e7arina conven\u00e7a Fil\u00f3 a desistir de acompanh\u00e1-lo \u00e0 exposi\u00e7\u00e3o.<\/p>\n<p>Cenas previstas para 22 de maio na novela &#8220;Eta Mundo Bom&#8221;.<\/p>\n<p>Sinopse Novela &#8220;Eta Mundo Bom&#8221;: Ambientada em 1948, a trama conta a hist\u00f3ria de Candinho (S\u00e9rgio Guiz\u00e9), que foi separado da m\u00e3e logo ap\u00f3s seu nascimento e foi acolhido pelo casal Cunegundes (Elizabeth Savalla) e Quinzinho (Ary Fontoura), donos da decadente fazenda Dom Pedro II, perto da cidade fict\u00edcia de Piracema, por volta dos anos 20. O casal, que h\u00e1 tempos tenta um herdeiro sem sucesso, decide ficar com o beb\u00ea. Mas n\u00e3o demora para Cunegundes finalmente engravidar e ganhar tr\u00eas filhos leg\u00edtimos: Filomena, a Fil\u00f3 (D\u00e9bora Nascimento), Mafalda (Camila Queiroz) e Quincas (Miguel R\u00f4mulo), e o pobre Candinho vai sendo deixado de lado pelos \u201cpais\u201d, mesmo com a prote\u00e7\u00e3o de Eponina (Rosi Campos), irm\u00e3 de Quinzinho, e Manuela (Dhu Moraes), a empregada da fazenda. Um amigo da fam\u00edlia tamb\u00e9m est\u00e1 sempre por perto, apoiando Candinho: Pancr\u00e1cio (Marco Nanini).<\/p>\n","protected":false},"excerpt":{"rendered":"<p>Novela &#8220;Eta Mundo Bom&#8221;: n\u00e3o \u00e9 novidade que Ernesto (Eriberto Le\u00e3o) est\u00e1 sempre enrolando a ing\u00eanua Filomena (D\u00e9bora Nascimento). Depois de posar nua para o quadro do boa-vida, a bela d\u00e1 um ultimato: quer saber se ele vai mesmo se casar com ela. O malandro diz que cumprir\u00e1 a promessa, caso ganhe o pr\u00eamio no [&hellip;]<\/p>\n","protected":false},"author":2,"featured_media":191973,"comment_status":"closed","ping_status":"closed","sticky":false,"template":"","format":"standard","meta":{"tdm_status":"","tdm_grid_status":"","footnotes":""},"categories":[388,558,379,375,343],"tags":[440],"class_list":{"0":"post-192243","1":"post","2":"type-post","3":"status-publish","4":"format-standard","5":"has-post-thumbnail","7":"category-destaques","8":"category-eta-mundo-bom","9":"category-novelas","10":"category-rede-globo","11":"category-televisao","12":"tag-noticia-novela"},"_links":{"self":[{"href":"https:\/\/migracao.redenoticia.com.br\/noticia\/wp-json\/wp\/v2\/posts\/192243","targetHints":{"allow":["GET"]}}],"collection":[{"href":"https:\/\/migracao.redenoticia.com.br\/noticia\/wp-json\/wp\/v2\/posts"}],"about":[{"href":"https:\/\/migracao.redenoticia.com.br\/noticia\/wp-json\/wp\/v2\/types\/post"}],"author":[{"embeddable":true,"href":"https:\/\/migracao.redenoticia.com.br\/noticia\/wp-json\/wp\/v2\/users\/2"}],"replies":[{"embeddable":true,"href":"https:\/\/migracao.redenoticia.com.br\/noticia\/wp-json\/wp\/v2\/comments?post=192243"}],"version-history":[{"count":0,"href":"https:\/\/migracao.redenoticia.com.br\/noticia\/wp-json\/wp\/v2\/posts\/192243\/revisions"}],"wp:featuredmedia":[{"embeddable":true,"href":"https:\/\/migracao.redenoticia.com.br\/noticia\/wp-json\/wp\/v2\/media\/191973"}],"wp:attachment":[{"href":"https:\/\/migracao.redenoticia.com.br\/noticia\/wp-json\/wp\/v2\/media?parent=192243"}],"wp:term":[{"taxonomy":"category","embeddable":true,"href":"https:\/\/migracao.redenoticia.com.br\/noticia\/wp-json\/wp\/v2\/categories?post=192243"},{"taxonomy":"post_tag","embeddable":true,"href":"https:\/\/migracao.redenoticia.com.br\/noticia\/wp-json\/wp\/v2\/tags?post=192243"}],"curies":[{"name":"wp","href":"https:\/\/api.w.org\/{rel}","templated":true}]}}