{"id":192246,"date":"2020-05-01T13:16:47","date_gmt":"2020-05-01T16:16:47","guid":{"rendered":"https:\/\/www.redenoticia.com.br\/noticia\/?p=192246"},"modified":"2020-05-08T13:19:50","modified_gmt":"2020-05-08T16:19:50","slug":"novela-fina-estampa-ferdinand-descobre-o-segredo-de-pereirinha","status":"publish","type":"post","link":"https:\/\/migracao.redenoticia.com.br\/noticia\/2020\/novela-fina-estampa-ferdinand-descobre-o-segredo-de-pereirinha\/192246","title":{"rendered":"Novela \u201cFina Estampa\u201d: Ferdinand descobre o segredo de Pereirinha"},"content":{"rendered":"<p><img loading=\"lazy\" decoding=\"async\" src=\"https:\/\/migracao.redenoticia.com.br\/noticia\/imagens\/fina-estampa-globo-299x300.jpg\" alt=\"\" width=\"299\" height=\"300\" class=\"aligncenter size-large wp-image-190232\" srcset=\"https:\/\/migracao.redenoticia.com.br\/noticia\/imagens\/fina-estampa-globo-299x300.jpg 299w, https:\/\/migracao.redenoticia.com.br\/noticia\/imagens\/fina-estampa-globo-187x187.jpg 187w, https:\/\/migracao.redenoticia.com.br\/noticia\/imagens\/fina-estampa-globo-150x150.jpg 150w, https:\/\/migracao.redenoticia.com.br\/noticia\/imagens\/fina-estampa-globo-140x140.jpg 140w, https:\/\/migracao.redenoticia.com.br\/noticia\/imagens\/fina-estampa-globo-85x85.jpg 85w, https:\/\/migracao.redenoticia.com.br\/noticia\/imagens\/fina-estampa-globo.jpg 575w\" sizes=\"auto, (max-width: 299px) 100vw, 299px\" \/> <em><strong>Novela \u201cFina Estampa\u201d<\/strong><\/em>: Pereirinha (Jos\u00e9 Mayer) volta para casa, mas ele n\u00e3o est\u00e1 de olho na grana de Griselda (Lilia Cabral). A verdade \u00e9 que o pescador esconde um grande segredo. Pereirinha foi embora atr\u00e1s de Chin\u00eas, seu amigo e dono da casa onde Griselda mora, porque descobriu que ele guardava um tesouro no local.<\/p>\n<p>Durante esses 15 anos, o pescador tentou fazer com que o amigo revelasse mais detalhes sobre a fortuna guardada, mas Chin\u00eas morreu antes de falar. Quando Pereirinha descobriu que a mulher havia ganhado na loteria, imaginou que ela fosse comprar outro im\u00f3vel e que ele poderia voltar para l\u00e1 e procurar o tal tesouro com calma.<\/p>\n<p>Assim que retorna, o pescador vai tentar reatar com Griselda, mas diante da recusa da nova milion\u00e1ria, Pereirinha se instala de mala e cuia na antiga casa. O problema \u00e9 que Ferdinand (Carlos Machado) descobre o segredo de Pereirinha e ele se compromete a dividir a grana com o seguran\u00e7a. Cenas previstas para maio na novela \u201cFina Estampa\u201d.<\/p>\n<p>Sinopse \u201cFina Estampa\u201d: A vi\u00fava Griselda, conhecida como Pereir\u00e3o, trabalha como faz-tudo para sustentar seus tr\u00eas filhos. J\u00e1 Tereza Cristina \u00e9 uma socialite que acredita ter a vida perfeita. Seus destinos se cruzam por acaso e tudo muda quando Griselda fica milion\u00e1ria.<\/p>\n","protected":false},"excerpt":{"rendered":"<p>Novela \u201cFina Estampa\u201d: Pereirinha (Jos\u00e9 Mayer) volta para casa, mas ele n\u00e3o est\u00e1 de olho na grana de Griselda (Lilia Cabral). A verdade \u00e9 que o pescador esconde um grande segredo. Pereirinha foi embora atr\u00e1s de Chin\u00eas, seu amigo e dono da casa onde Griselda mora, porque descobriu que ele guardava um tesouro no local. [&hellip;]<\/p>\n","protected":false},"author":2,"featured_media":191223,"comment_status":"closed","ping_status":"closed","sticky":false,"template":"","format":"standard","meta":{"tdm_status":"","tdm_grid_status":"","footnotes":""},"categories":[388,555,379,375,343],"tags":[440],"class_list":{"0":"post-192246","1":"post","2":"type-post","3":"status-publish","4":"format-standard","5":"has-post-thumbnail","7":"category-destaques","8":"category-fina-estampa","9":"category-novelas","10":"category-rede-globo","11":"category-televisao","12":"tag-noticia-novela"},"_links":{"self":[{"href":"https:\/\/migracao.redenoticia.com.br\/noticia\/wp-json\/wp\/v2\/posts\/192246","targetHints":{"allow":["GET"]}}],"collection":[{"href":"https:\/\/migracao.redenoticia.com.br\/noticia\/wp-json\/wp\/v2\/posts"}],"about":[{"href":"https:\/\/migracao.redenoticia.com.br\/noticia\/wp-json\/wp\/v2\/types\/post"}],"author":[{"embeddable":true,"href":"https:\/\/migracao.redenoticia.com.br\/noticia\/wp-json\/wp\/v2\/users\/2"}],"replies":[{"embeddable":true,"href":"https:\/\/migracao.redenoticia.com.br\/noticia\/wp-json\/wp\/v2\/comments?post=192246"}],"version-history":[{"count":0,"href":"https:\/\/migracao.redenoticia.com.br\/noticia\/wp-json\/wp\/v2\/posts\/192246\/revisions"}],"wp:featuredmedia":[{"embeddable":true,"href":"https:\/\/migracao.redenoticia.com.br\/noticia\/wp-json\/wp\/v2\/media\/191223"}],"wp:attachment":[{"href":"https:\/\/migracao.redenoticia.com.br\/noticia\/wp-json\/wp\/v2\/media?parent=192246"}],"wp:term":[{"taxonomy":"category","embeddable":true,"href":"https:\/\/migracao.redenoticia.com.br\/noticia\/wp-json\/wp\/v2\/categories?post=192246"},{"taxonomy":"post_tag","embeddable":true,"href":"https:\/\/migracao.redenoticia.com.br\/noticia\/wp-json\/wp\/v2\/tags?post=192246"}],"curies":[{"name":"wp","href":"https:\/\/api.w.org\/{rel}","templated":true}]}}