{"id":192263,"date":"2020-05-04T12:41:26","date_gmt":"2020-05-04T15:41:26","guid":{"rendered":"https:\/\/www.redenoticia.com.br\/noticia\/?p=192263"},"modified":"2020-05-04T12:41:26","modified_gmt":"2020-05-04T15:41:26","slug":"resumo-novela-eta-mundo-bom-05-05-candinho-e-pirulito-resgatam-policarpo-na-pensao","status":"publish","type":"post","link":"https:\/\/migracao.redenoticia.com.br\/noticia\/2020\/resumo-novela-eta-mundo-bom-05-05-candinho-e-pirulito-resgatam-policarpo-na-pensao\/192263","title":{"rendered":"Resumo novela \u201cEta Mundo Bom\u201d 05\/05: Candinho e Pirulito resgatam Policarpo na pens\u00e3o"},"content":{"rendered":"<p><img loading=\"lazy\" decoding=\"async\" class=\"aligncenter size-large wp-image-191974\" src=\"https:\/\/migracao.redenoticia.com.br\/noticia\/imagens\/eta-mundo-bom-personagens-299x300.jpg\" alt=\"\" width=\"299\" height=\"300\" srcset=\"https:\/\/migracao.redenoticia.com.br\/noticia\/imagens\/eta-mundo-bom-personagens-299x300.jpg 299w, https:\/\/migracao.redenoticia.com.br\/noticia\/imagens\/eta-mundo-bom-personagens-186x187.jpg 186w, https:\/\/migracao.redenoticia.com.br\/noticia\/imagens\/eta-mundo-bom-personagens-150x150.jpg 150w, https:\/\/migracao.redenoticia.com.br\/noticia\/imagens\/eta-mundo-bom-personagens-139x140.jpg 139w, https:\/\/migracao.redenoticia.com.br\/noticia\/imagens\/eta-mundo-bom-personagens-85x85.jpg 85w, https:\/\/migracao.redenoticia.com.br\/noticia\/imagens\/eta-mundo-bom-personagens.jpg 506w\" sizes=\"auto, (max-width: 299px) 100vw, 299px\" \/><\/p>\n<p><strong><em>Resumo novela \u201cEta Mundo Bom\u201d 05\/05<\/em><\/strong>: no cap\u00edtulo 007(*) da novela, ter\u00e7a-feira, 05 de maio, Candinho provoca uma briga com Ernesto, mas Filomena e Pirulito os apartam. Pancr\u00e1cio aconselha Candinho a se afastar de Filomena. Para proteger Candinho, Filomena aceita posar nua para o quadro de Ernesto.<\/p>\n<p>Pancr\u00e1cio sugere que Candinho procure por sua m\u00e3e nas igrejas da cidade. Cam\u00e9lia conta para Severo que Anast\u00e1cia acolheu Maria. Cunegundes recebe um telegrama avisando sobre a chegada de Anast\u00e1cia. Celso beija Maria \u00e0 for\u00e7a. Candinho e Pirulito resgatam Policarpo na pens\u00e3o.<\/p>\n<p>(*) edi\u00e7\u00e3o da Rede Globo, Novela \u201cEta Mundo Bom\u201d, sujeito a altera\u00e7\u00e3o de data e conte\u00fado.<\/p>\n<p>&#8220;Eta Mundo Bom&#8221; \u00e9 ambientada em 1948. A trama conta a hist\u00f3ria de Candinho (S\u00e9rgio Guiz\u00e9), que foi separado da m\u00e3e logo ap\u00f3s seu nascimento e foi acolhido pelo casal Cunegundes (Elizabeth Savalla) e Quinzinho (Ary Fontoura), donos da decadente fazenda Dom Pedro II, perto da cidade fict\u00edcia de Piracema, por volta dos anos 20.<\/p>\n","protected":false},"excerpt":{"rendered":"<p>Resumo novela \u201cEta Mundo Bom\u201d 05\/05: no cap\u00edtulo 007(*) da novela, ter\u00e7a-feira, 05 de maio, Candinho provoca uma briga com Ernesto, mas Filomena e Pirulito os apartam. Pancr\u00e1cio aconselha Candinho a se afastar de Filomena. Para proteger Candinho, Filomena aceita posar nua para o quadro de Ernesto. Pancr\u00e1cio sugere que Candinho procure por sua m\u00e3e [&hellip;]<\/p>\n","protected":false},"author":4,"featured_media":191973,"comment_status":"closed","ping_status":"closed","sticky":false,"template":"","format":"standard","meta":{"tdm_status":"","tdm_grid_status":"","footnotes":""},"categories":[558,379,375,343],"tags":[441],"class_list":{"0":"post-192263","1":"post","2":"type-post","3":"status-publish","4":"format-standard","5":"has-post-thumbnail","7":"category-eta-mundo-bom","8":"category-novelas","9":"category-rede-globo","10":"category-televisao","11":"tag-resumo-do-dia"},"_links":{"self":[{"href":"https:\/\/migracao.redenoticia.com.br\/noticia\/wp-json\/wp\/v2\/posts\/192263","targetHints":{"allow":["GET"]}}],"collection":[{"href":"https:\/\/migracao.redenoticia.com.br\/noticia\/wp-json\/wp\/v2\/posts"}],"about":[{"href":"https:\/\/migracao.redenoticia.com.br\/noticia\/wp-json\/wp\/v2\/types\/post"}],"author":[{"embeddable":true,"href":"https:\/\/migracao.redenoticia.com.br\/noticia\/wp-json\/wp\/v2\/users\/4"}],"replies":[{"embeddable":true,"href":"https:\/\/migracao.redenoticia.com.br\/noticia\/wp-json\/wp\/v2\/comments?post=192263"}],"version-history":[{"count":0,"href":"https:\/\/migracao.redenoticia.com.br\/noticia\/wp-json\/wp\/v2\/posts\/192263\/revisions"}],"wp:featuredmedia":[{"embeddable":true,"href":"https:\/\/migracao.redenoticia.com.br\/noticia\/wp-json\/wp\/v2\/media\/191973"}],"wp:attachment":[{"href":"https:\/\/migracao.redenoticia.com.br\/noticia\/wp-json\/wp\/v2\/media?parent=192263"}],"wp:term":[{"taxonomy":"category","embeddable":true,"href":"https:\/\/migracao.redenoticia.com.br\/noticia\/wp-json\/wp\/v2\/categories?post=192263"},{"taxonomy":"post_tag","embeddable":true,"href":"https:\/\/migracao.redenoticia.com.br\/noticia\/wp-json\/wp\/v2\/tags?post=192263"}],"curies":[{"name":"wp","href":"https:\/\/api.w.org\/{rel}","templated":true}]}}